
{"id":1639,"date":"2012-11-09T22:01:26","date_gmt":"2012-11-09T21:01:26","guid":{"rendered":"http:\/\/szostkiewicz.blog.polityka.pl\/?p=1639"},"modified":"2012-11-09T22:04:55","modified_gmt":"2012-11-09T21:04:55","slug":"brzezinski-mowi-za-tuska","status":"publish","type":"post","link":"https:\/\/blog.polityka.pl\/szostkiewicz\/2012\/11\/09\/brzezinski-mowi-za-tuska\/","title":{"rendered":"Brzezi\u0144ski m\u00f3wi za Tuska"},"content":{"rendered":"<p>Zbigniew Brzezi\u0144ski nie ma prawa m\u00f3wi\u0107 emocjonalnie o Polsce. Tak by czasem wynika\u0142o te\u017c z przekazu w mediach po nadaniu wywiadu Kolendy-Zaleskiej z prof. Brzezi\u0144skim. Konrad Piasecki dociska Cimoszewicza w TV: czy jednak aby nie za emocjonalnie, nie za mocne s\u0142owa, mo\u017cna tak z odleg\u0142o\u015bci kilku tysi\u0119cy kilometr\u00f3w? Cimoszewicz: Mo\u017cna, bo z dystansu ma si\u0119 lepszy obraz.<!--more--><\/p>\n<p>Tak jest!\u00a0 Argument, \u017ce si\u0119 co\u015b widzi gorzej, bo z daleka, jest niedorzecznym wykr\u0119caniem si\u0119 od meritum. Czyli od opisu politycznej, moralnej, duchowej, jak kto woli, kondycji Polski. I Brzezi\u0144ski nazwa\u0142 j\u0105 tak, jak nale\u017cy. Jest \u017ale, a dzia\u0142ania opozycji s\u0105 niebezpieczne dla pa\u0144stwa i demokracji. A mo\u017ce i dla spokoju na ulicach, o czym si\u0119 przekonamy 11 listopada.<\/p>\n<p>PiS \u017cali si\u0119, \u017ce marsza\u0142ek sejmu pozwoli\u0142a Palikotowi grozi\u0107 PiS-owi wi\u0119zieniem (faktycznie, ja te\u017c uwa\u017cam, \u017ce tak nie wolno), ale ten sam PiS pozwala sobie na ci\u0105g\u0142e obra\u017canie prezydenta, premiera, rz\u0105du, Platformy najgorszymi wyzwiskami i insynuacjami. Tylko prawica ma prawo by\u0107 emocjonalna? Tylko prawica mo\u017ce czu\u0107 si\u0119 obra\u017cana?<\/p>\n<p>Minister Gowin zn\u00f3w idzie wbrew swemu liderowi. Tusk s\u0142owa Brzezi\u0144skiego przyjmuje, Gowin si\u0119 krzywi na ,,bzdury&#8221; o zamachu. Powo\u0142uje si\u0119 na sonda\u017ce! On, kt\u00f3ry zwykle od sonda\u017cy dystansuje! No bo prawie 40 proc. Polak\u00f3w dopuszcza jako\u015b opcj\u0119 ,,zamachu??. Co z tego?\u00a0 Jak na razie nie ma \u017cadnych twardych\u00a0 fakt\u00f3w, kt\u00f3re by potwierdza\u0142y ,,zamach&#8221;, \u017cadne sonda\u017ce tego nie zmieni\u0105. \u017beby wierzy\u0142o w ,,zamach&#8221; mniej ludzi, trzeba rozmawia\u0107 ze spo\u0142ecze\u0144stwem na wszelkie mo\u017cliwe sposoby.<\/p>\n<p>Reakcje na Brzezi\u0144skiego pokazuj\u0105, jak smole\u0144ski przekaz PiSu przenika do obiegu powszechnego. Jak has\u0142o jakiej\u015b mi\u0119dzynarodowej rady m\u0119drc\u00f3w od katastrof lotniczych zagnie\u017cd\u017ca si\u0119 nawet w umys\u0142ach na co dzie\u0144 rozs\u0105dnych, umiarkowanych.<\/p>\n<p>Platforma nie ma skutecznego pomys\u0142u, jak si\u0119 temu truciu Polak\u00f3w Smole\u0144skiem przeciwstawi\u0107. Bo nie na briefingach i konferencjach, tylko w codziennym przekazie do spo\u0142ecze\u0144stwa. Milczenie, zw\u0142oka, ,,dawkowanie prawdy&#8221; (zn\u00f3w Gowin) &#8211; to wszystko na co j\u0105 sta\u0107. A jak ju\u017c jest ca\u0142kiem fatalnie, na trybun\u0119 wchodzi Donald Tusk.<\/p>\n<p>Brzezi\u0144ski tak naprawd\u0119 przem\u00f3wi\u0142 za Tuska. Powiedzia\u0142 to, co powinien m\u00f3wi\u0107 premier, co powinni powtarza\u0107 codziennie jego ludzie.<\/p>\n","protected":false},"excerpt":{"rendered":"<p>Zbigniew Brzezi\u0144ski nie ma prawa m\u00f3wi\u0107 emocjonalnie o Polsce. Tak by czasem wynika\u0142o te\u017c z przekazu w mediach po nadaniu wywiadu Kolendy-Zaleskiej z prof. Brzezi\u0144skim. Konrad Piasecki dociska Cimoszewicza w TV: czy jednak aby nie za emocjonalnie, nie za mocne s\u0142owa, mo\u017cna tak z odleg\u0142o\u015bci kilku tysi\u0119cy kilometr\u00f3w? Cimoszewicz: Mo\u017cna, bo z dystansu ma si\u0119 [&hellip;]<\/p>\n","protected":false},"author":3,"featured_media":0,"comment_status":"open","ping_status":"open","sticky":false,"template":"","format":"standard","meta":{"footnotes":""},"categories":[1],"tags":[],"_links":{"self":[{"href":"https:\/\/blog.polityka.pl\/szostkiewicz\/wp-json\/wp\/v2\/posts\/1639"}],"collection":[{"href":"https:\/\/blog.polityka.pl\/szostkiewicz\/wp-json\/wp\/v2\/posts"}],"about":[{"href":"https:\/\/blog.polityka.pl\/szostkiewicz\/wp-json\/wp\/v2\/types\/post"}],"author":[{"embeddable":true,"href":"https:\/\/blog.polityka.pl\/szostkiewicz\/wp-json\/wp\/v2\/users\/3"}],"replies":[{"embeddable":true,"href":"https:\/\/blog.polityka.pl\/szostkiewicz\/wp-json\/wp\/v2\/comments?post=1639"}],"version-history":[{"count":5,"href":"https:\/\/blog.polityka.pl\/szostkiewicz\/wp-json\/wp\/v2\/posts\/1639\/revisions"}],"predecessor-version":[{"id":1644,"href":"https:\/\/blog.polityka.pl\/szostkiewicz\/wp-json\/wp\/v2\/posts\/1639\/revisions\/1644"}],"wp:attachment":[{"href":"https:\/\/blog.polityka.pl\/szostkiewicz\/wp-json\/wp\/v2\/media?parent=1639"}],"wp:term":[{"taxonomy":"category","embeddable":true,"href":"https:\/\/blog.polityka.pl\/szostkiewicz\/wp-json\/wp\/v2\/categories?post=1639"},{"taxonomy":"post_tag","embeddable":true,"href":"https:\/\/blog.polityka.pl\/szostkiewicz\/wp-json\/wp\/v2\/tags?post=1639"}],"curies":[{"name":"wp","href":"https:\/\/api.w.org\/{rel}","templated":true}]}}