
{"id":16473,"date":"2025-01-10T18:56:00","date_gmt":"2025-01-10T17:56:00","guid":{"rendered":"https:\/\/szostkiewicz.blog.polityka.pl\/?p=16473"},"modified":"2025-01-10T19:27:56","modified_gmt":"2025-01-10T18:27:56","slug":"ciemno-wszedzie-co-to-bedzie","status":"publish","type":"post","link":"https:\/\/blog.polityka.pl\/szostkiewicz\/2025\/01\/10\/ciemno-wszedzie-co-to-bedzie\/","title":{"rendered":"Ciemno wsz\u0119dzie, co to b\u0119dzie?"},"content":{"rendered":"\n<p>Nadchodz\u0105 Trump z Muskiem. Mnie nie imponuj\u0105, ale kolejka petent\u00f3w politycznych i biznesowych ju\u017c si\u0119 ustawia. Imponowa\u0142 mi Jimmy Carter. By\u0142em licealnym nauczycielem, gdy razem z doradc\u0105 Zbigniewem Brzezi\u0144skim &#8211; nigdy nie uleg\u0142 pokusie zmiany lub zangielszczenia swego nazwiska &#8211; odwiedzi\u0142 Polsk\u0119. Zwo\u0142ano bezprecedensow\u0105 po wschodniej stronie muru berli\u0144skiego konferencj\u0119 prasow\u0105 z udzia\u0142em wydawanych poza cenzur\u0105 pa\u0144stwow\u0105 biuletyn\u00f3w informacyjnych. Palce musia\u0142 w tym macza\u0107 Brzezi\u0144ski, kt\u00f3ry wiedzia\u0142, \u017ce &#8222;realny socjalizm&#8221; si\u0119 wypala, cho\u0107 jeszcze mo\u017ce dziabn\u0105\u0107 niepokornych.<\/p>\n\n\n\n<!--more-->\n\n\n\n<p>Z zaciekawieniem ogl\u0105da\u0142em w BBC World, jak Trump wraz z Obam\u0105, Bidenem, Kamal\u0105 Harris, Bushem juniorem, Clintonami, Pence\u2019em, Mondale\u2019em, Vance\u2019em, czyli polityczn\u0105 elit\u0105 elit, uczestniczy\u0142 w uroczysto\u015bci pa\u0144stwowego pogrzebu Cartera w episkopalnej katedrze waszyngto\u0144skiej (sam J.C. by\u0142 baptyst\u0105 o progresywnym nastawieniu). Dzi\u0119ki realizatorom mog\u0142em zobaczy\u0107 min\u0119 Trumpa, gdy s\u0142ucha\u0142 mowy Bidena o Carterze, swoim przyjacielu nie tylko politycznym. Mo\u017ce my\u015bla\u0142, jak b\u0119d\u0105 jego \u017cegna\u0107, gdy zamknie oczy.<\/p>\n\n\n\n<p>W uroczysto\u015bci wzi\u0119li udzia\u0142 Clinton, Bush junior, Obama. M\u00f3wcie, co chcecie, ale tak to powinno wygl\u0105da\u0107: byli prezydenci, demokraci i republikanin, oraz prezydent elekt \u017cegnaj\u0105 swego poprzednika, demokrat\u0119. To celebracja ci\u0105g\u0142o\u015bci w\u0142adzy pa\u0144stwowej.<\/p>\n\n\n\n<p>Co sobie wszyscy &#8222;byli&#8221; my\u015bleli o nadchodz\u0105cej inauguracji Trumpa? Akurat w tym sk\u0142adzie mieli zapewne my\u015bli niespokojne. Mo\u017ce wi\u0119c z ulg\u0105 wys\u0142uchali &#8222;Imagine&#8221; Johna Lennona. Pono\u0107 taka by\u0142a pro\u015bba Cartera. (Mia\u0142 szcz\u0119\u015bcie, \u017ce transmisji nie komentowa\u0142 red. Babiarz). Tak czy inaczej, przynajmniej na czas \u017ca\u0142oby po \u015bmierci Cartera na szczytach polityki ameryka\u0144skiej wojna ameryka\u0144sko-ameryka\u0144ska uleg\u0142a zawieszeniu. To si\u0119 nazywa patriotyzm pa\u0144stwowy. U nas niemo\u017cliwy, bo trudno sobie dzi\u015b wyobrazi\u0107 takie po\u017cegnanie kt\u00f3rego\u015b z naszych prezydent\u00f3w. Kaczy\u0144ski zniszczy\u0142 nar\u00f3d polityczny w sensie wsp\u00f3lnoty wok\u00f3\u0142 konstytucji i interes\u00f3w narodowych.<\/p>\n\n\n\n<p>Joe Biden i inni m\u00f3wcy w katedrze podkre\u015blali postprezydencki fenomen Cartera: wi\u0119cej dobra zdzia\u0142a\u0142 po kadencji i nie ustawa\u0142 dzia\u0142a\u0107 na rzecz praw cz\u0142owieka i dobra wsp\u00f3lnego przez kolejne dekady swego d\u0142ugiego, spe\u0142nionego \u017cycia. Chwalono go za moraln\u0105 integralno\u015b\u0107: w \u017cyciu publicznym by\u0142 taki sam jak w prywatnym. M\u00f3g\u0142by o tym pomedytowa\u0107 Andrzej Duda, bo dla odchodz\u0105cego z urz\u0119du prezydenta jest \u017cycie po \u017cyciu, ale takie, na jakie sobie zas\u0142u\u017cy\u0142.<\/p>\n\n\n\n<p>Tylko Musk nie musi si\u0119 niczym martwi\u0107. Chyba \u017ce Trump uzna go za zagro\u017cenie dla siebie. Wiadomo, \u017ce jego \u0142aska na pstrym koniu je\u017adzi i potrafi wywala\u0107 z roboty z dnia na dzie\u0144, bez ceregieli. Na razie s\u0142ycha\u0107 drwiny, \u017ce to Musk jest ju\u017c <em>de facto<\/em> prezydentem, a Trump zakochanym w nim starcem. Rola Muska wkr\u00f3tce si\u0119 wyja\u015bni. Na razie jest prowokatorem id\u0105cym dalej ni\u017c Trump i za zgod\u0105 elekta. Musk stwarza pozory wszechmocy, tak jak Trump. Jego polis\u0105 s\u0105 biliony, ale \u015bwiat widzia\u0142 ju\u017c bankructwa ludzi, kt\u00f3rzy wydawali si\u0119 niezatapialni. Wszed\u0142 do polityki mi\u0119dzynarodowej, nie maj\u0105c o niej poj\u0119cia. Jak u nas Duda czy pretendent Nawrocki. Nie widzi ryzyka, kt\u00f3re mu grozi, gdy wiatry historii zmieni\u0105 kierunek, a zmieni\u0105 na pewno pr\u0119dzej czy p\u00f3\u017aniej. Taka jest natura \u015bwiata.<\/p>\n\n\n\n<p>Na razie \u015bwiat zachodni przygl\u0105da si\u0119 Trumpowi, bada jego polityczn\u0105 poczytalno\u015b\u0107. Liderzy musz\u0105 si\u0119 liczy\u0107 z prezydentem USA, musz\u0105 z nim rozmawia\u0107. Trzaskowski te\u017c, je\u015bli zostanie prezydentem. I Tusk jako szef rz\u0105du. Ministrowie spraw zagranicznych Francji, Niemiec i Polski chc\u0105 si\u0119 spotka\u0107 z nim w Waszyngtonie wkr\u00f3tce po obj\u0119ciu przez niego prezydentury. Dobry plan, byle wypali\u0142.<\/p>\n\n\n\n<p>Prowokacje Trumpa z podwa\u017caniem granic pa\u0144stwowych i Muska bezczelnie wtr\u0105caj\u0105cego si\u0119 do polityki europejskiej musz\u0105 kojarzy\u0107 si\u0119 jak najgorzej. Szczeg\u00f3lnie w Europie, gdzie trwa agresja Rosji na Ukrain\u0119. No bo wyobra\u017amy sobie, \u017ce nowy kanclerz Niemiec og\u0142asza, \u017ce chce kupi\u0107 od Polski ziemie zachodnie. Igranie z granicami to putinizm czystej wody. Mo\u017cna to nazwa\u0107 neoimperializmem czy neokolonializmem, ale terminologia jest mniej wa\u017cna ni\u017c samo zb\u00f3jeckie politycznie roszczenie: potrzebujemy waszej ziemi, jak nie sprzedacie, we\u017amiemy si\u0142\u0105. Tak zwykle zaczynaj\u0105 si\u0119 wojny.<\/p>\n","protected":false},"excerpt":{"rendered":"<p>Nadchodz\u0105 Trump z Muskiem. Mnie nie imponuj\u0105, ale kolejka petent\u00f3w politycznych i biznesowych ju\u017c si\u0119 ustawia. Imponowa\u0142 mi Jimmy Carter. By\u0142em licealnym nauczycielem, gdy razem z doradc\u0105 Zbigniewem Brzezi\u0144skim &#8211; nigdy nie uleg\u0142 pokusie zmiany lub zangielszczenia swego nazwiska &#8211; odwiedzi\u0142 Polsk\u0119. Zwo\u0142ano bezprecedensow\u0105 po wschodniej stronie muru berli\u0144skiego konferencj\u0119 prasow\u0105 z udzia\u0142em wydawanych poza [&hellip;]<\/p>\n","protected":false},"author":3,"featured_media":7671,"comment_status":"open","ping_status":"closed","sticky":false,"template":"","format":"standard","meta":{"footnotes":""},"categories":[1],"tags":[],"_links":{"self":[{"href":"https:\/\/blog.polityka.pl\/szostkiewicz\/wp-json\/wp\/v2\/posts\/16473"}],"collection":[{"href":"https:\/\/blog.polityka.pl\/szostkiewicz\/wp-json\/wp\/v2\/posts"}],"about":[{"href":"https:\/\/blog.polityka.pl\/szostkiewicz\/wp-json\/wp\/v2\/types\/post"}],"author":[{"embeddable":true,"href":"https:\/\/blog.polityka.pl\/szostkiewicz\/wp-json\/wp\/v2\/users\/3"}],"replies":[{"embeddable":true,"href":"https:\/\/blog.polityka.pl\/szostkiewicz\/wp-json\/wp\/v2\/comments?post=16473"}],"version-history":[{"count":4,"href":"https:\/\/blog.polityka.pl\/szostkiewicz\/wp-json\/wp\/v2\/posts\/16473\/revisions"}],"predecessor-version":[{"id":16478,"href":"https:\/\/blog.polityka.pl\/szostkiewicz\/wp-json\/wp\/v2\/posts\/16473\/revisions\/16478"}],"wp:featuredmedia":[{"embeddable":true,"href":"https:\/\/blog.polityka.pl\/szostkiewicz\/wp-json\/wp\/v2\/media\/7671"}],"wp:attachment":[{"href":"https:\/\/blog.polityka.pl\/szostkiewicz\/wp-json\/wp\/v2\/media?parent=16473"}],"wp:term":[{"taxonomy":"category","embeddable":true,"href":"https:\/\/blog.polityka.pl\/szostkiewicz\/wp-json\/wp\/v2\/categories?post=16473"},{"taxonomy":"post_tag","embeddable":true,"href":"https:\/\/blog.polityka.pl\/szostkiewicz\/wp-json\/wp\/v2\/tags?post=16473"}],"curies":[{"name":"wp","href":"https:\/\/api.w.org\/{rel}","templated":true}]}}