
{"id":16649,"date":"2025-02-24T14:33:37","date_gmt":"2025-02-24T13:33:37","guid":{"rendered":"https:\/\/szostkiewicz.blog.polityka.pl\/?p=16649"},"modified":"2025-02-24T16:17:14","modified_gmt":"2025-02-24T15:17:14","slug":"euro-trumpizm","status":"publish","type":"post","link":"https:\/\/blog.polityka.pl\/szostkiewicz\/2025\/02\/24\/euro-trumpizm\/","title":{"rendered":"Eurotrumpizm"},"content":{"rendered":"\n<p>Jak sobie poradzi Ameryka z rz\u0105dami Trumpa, to wa\u017cna sprawa. Dla nas w Europie, szczeg\u00f3lnie w Polsce, jeszcze wa\u017cniejsze jest politycznie, jak sobie poradzimy z eurotrumpizmem.<\/p>\n\n\n\n<!--more-->\n\n\n\n<p>Po sowieckim naje\u017adzie na prask\u0105 wiosn\u0119 Dubczeka w partiach komunistycznych zachodniej, demokratycznej Europy, wtedy maj\u0105cych du\u017ce wp\u0142ywy w spo\u0142ecze\u0144stwach, pojawi\u0142a opcja &#8222;eurokomunizmu&#8221;. Jej zwolennicy odci\u0119li si\u0119 od modelu &#8222;demokracji ludowych\u201d i przyw\u00f3dztwa ZSRR, poparli NATO, spo\u0142eczn\u0105 gospodark\u0119 rynkow\u0105, demokratyczn\u0105 opozycj\u0119 za \u017celazn\u0105 kurtyn\u0119, odrzucili doktryn\u0119 Lenina o &#8222;dyktaturze proletariatu\u201d i monopartii komunistycznej, pot\u0119pili stan wojenny w Polsce.<\/p>\n\n\n\n<p>By\u0142o to wydarzenie pozytywne dla demokracji w Europie. Eurotrumpizm jest wydarzeniem negatywnym. Skupia si\u0142y nastawione na przej\u0119cie w\u0142adzy metodami demokratycznymi, by nast\u0119pnie rozmontowa\u0107 na wz\u00f3r Trumpa liberaln\u0105 demokracj\u0119 i zast\u0105pi\u0107 j\u0105 systemem opisanym przez Orwella w &#8222;Roku 1984\u201d.<\/p>\n\n\n\n<p>Przymus i przemoc zast\u0105pi wolno\u015b\u0107 wyboru, propaganda i nienawi\u015b\u0107 &#8211; wolno\u015b\u0107 s\u0142owa i d\u0105\u017cenie do prawdy, \u017c\u0105danie \u015blepej lojalno\u015bci &#8211; prawa cz\u0142owieka, kontrola gospodarki, polityki i kultury \u2013 otwarte spo\u0142ecze\u0144stwo. W tym sensie m\u00f3wimy dzisiaj, \u017ce historia cofa si\u0119 do z\u0142owrogich lat 30. ubieg\u0142ego wieku, kiedy faszyzm, nazizm i stalinowski komunizm rozp\u0119ta\u0142y drug\u0105 wojn\u0119 \u015bwiatow\u0105.<\/p>\n\n\n\n<p>Trumpizm jest zlepkiem populistycznych hase\u0142. Do siania chaosu i dezorientacji wykorzystuje sprawnie internet. Skupia si\u0119 na nim jako tubie propagandowej. Wystarczy\u0142oby j\u0105 zablokowa\u0107, ale na to jest za p\u00f3\u017ano. Pom\u00f3g\u0142by mo\u017ce zakaz &#8222;anonimizacji\u201d, czyli ukrywania si\u0119 pod pseudonimami. Niechby ka\u017cdy hejter mia\u0142 odwag\u0119 podpisa\u0107 si\u0119 prawdziwym nazwiskiem. Okaza\u0142oby si\u0119, ilu z nich jest na to gotowych. I tak mowa nienawi\u015bci karmi si\u0119 poczuciem bezkarno\u015bci.<\/p>\n\n\n\n<p>Nie tak mia\u0142o by\u0107, kiedy rodzi\u0142 si\u0119 rewolucyjny system globalnej b\u0142yskawicznej komunikacji, ale tak si\u0119 sta\u0142o. Rozb\u00f3jnictwo w sieci przenosi si\u0119 nawet do przestrzeni publicznej. W Sejmie mo\u017cna wzywa\u0107 do pos\u0142ania kulki premierowi. Polityczni troglodyci na skrajnej prawicy na oczach opinii publicznej robi\u0105 i m\u00f3wi\u0105 skandaliczne rzeczy \u2013 ju\u017c ca\u0142kiem jawnie. Gorzki paradoks epoki internetu polega na tym, \u017ce miliony jego u\u017cytkownik\u00f3w w\u0142\u0105czy\u0142y si\u0119 do debaty publicznej, aby j\u0105 sparali\u017cowa\u0107.<\/p>\n\n\n\n<p>Pielgrzymki polityczne na dw\u00f3r Trumpa cementuj\u0105 mi\u0119dzynarod\u00f3wk\u0119 skrajnej prawicy i eurotrumpist\u00f3w. Wszyscy gadaj\u0105 o &#8222;suwerenno\u015bci&#8221;, a bez \u017cenady czapkuj\u0105 \u0142\u017ce-cesarzowi za oceanem. Niewydarzona wizyta prezydenta Dudy w Waszyngtonie da\u0142a Trumpowi argument w rozmowach z Macronem i Starmerem. Nie podoba si\u0119 wam moja pogarda wobec Ukrainy i Unii Europejskiej, to zobaczcie, jak mnie ca\u0142uj\u0105 po r\u0119kach Duda, Morawiecki, Fico, Orb\u00e1n! O Europ\u0119 dbam tak, jak mi si\u0119 podoba, a wy co mi zrobicie? Nieprzewidywalny, chaotyczny, w istocie zgrywaj\u0105cy twardziela i chimeryczny prezydent USA staje si\u0119 wzorem do na\u015bladowania dla podobnie nieogarni\u0119tych, lecz ha\u0142a\u015bliwych mniejszych Trump\u00f3w od Argentyny po Polsk\u0119.<\/p>\n\n\n\n<p>Nie patrz\u0119 na to ze stoickim spokojem. Nie pociesza mnie filozoficzna teza, \u017ce z\u0142o jest w istocie brakiem dobra, ani pobo\u017cna rada, by z\u0142o zwalcza\u0107 dobrem. To podej\u015bcie duchowe, kt\u00f3re wymaga od cz\u0142owieka duchowych kompetencji. W polityce dzisiejszej liczy si\u0119 mantra &#8222;skuteczno\u015bci\u201d. Niewa\u017cne jak; wa\u017cne, by &#8222;dowie\u017a\u0107\u201d obietnic\u0119. Jak nie &#8222;dowa\u017c\u0105\u201d, lud si\u0119 burzy, a politycy nak\u0142adaj\u0105 w\u0142osiennice. Ta nowa dyktatura internetowego proletariatu staje si\u0119 wyroczni\u0105. A wieszczy jedno: \u017ce ten rok b\u0119dzie naprawd\u0119 punktem zwrotnym.<\/p>\n","protected":false},"excerpt":{"rendered":"<p>Jak sobie poradzi Ameryka z rz\u0105dami Trumpa, to wa\u017cna sprawa. Dla nas w Europie, szczeg\u00f3lnie w Polsce, jeszcze wa\u017cniejsze jest politycznie, jak sobie poradzimy z eurotrumpizmem.<\/p>\n","protected":false},"author":3,"featured_media":0,"comment_status":"open","ping_status":"closed","sticky":false,"template":"","format":"standard","meta":{"footnotes":""},"categories":[1],"tags":[],"_links":{"self":[{"href":"https:\/\/blog.polityka.pl\/szostkiewicz\/wp-json\/wp\/v2\/posts\/16649"}],"collection":[{"href":"https:\/\/blog.polityka.pl\/szostkiewicz\/wp-json\/wp\/v2\/posts"}],"about":[{"href":"https:\/\/blog.polityka.pl\/szostkiewicz\/wp-json\/wp\/v2\/types\/post"}],"author":[{"embeddable":true,"href":"https:\/\/blog.polityka.pl\/szostkiewicz\/wp-json\/wp\/v2\/users\/3"}],"replies":[{"embeddable":true,"href":"https:\/\/blog.polityka.pl\/szostkiewicz\/wp-json\/wp\/v2\/comments?post=16649"}],"version-history":[{"count":6,"href":"https:\/\/blog.polityka.pl\/szostkiewicz\/wp-json\/wp\/v2\/posts\/16649\/revisions"}],"predecessor-version":[{"id":16656,"href":"https:\/\/blog.polityka.pl\/szostkiewicz\/wp-json\/wp\/v2\/posts\/16649\/revisions\/16656"}],"wp:attachment":[{"href":"https:\/\/blog.polityka.pl\/szostkiewicz\/wp-json\/wp\/v2\/media?parent=16649"}],"wp:term":[{"taxonomy":"category","embeddable":true,"href":"https:\/\/blog.polityka.pl\/szostkiewicz\/wp-json\/wp\/v2\/categories?post=16649"},{"taxonomy":"post_tag","embeddable":true,"href":"https:\/\/blog.polityka.pl\/szostkiewicz\/wp-json\/wp\/v2\/tags?post=16649"}],"curies":[{"name":"wp","href":"https:\/\/api.w.org\/{rel}","templated":true}]}}