
{"id":17020,"date":"2025-06-20T18:48:49","date_gmt":"2025-06-20T16:48:49","guid":{"rendered":"https:\/\/blog.polityka.pl\/szostkiewicz\/?p=17020"},"modified":"2025-06-20T20:25:33","modified_gmt":"2025-06-20T18:25:33","slug":"kamienie-wolac-beda","status":"publish","type":"post","link":"https:\/\/blog.polityka.pl\/szostkiewicz\/2025\/06\/20\/kamienie-wolac-beda\/","title":{"rendered":"Kamienie wo\u0142a\u0107 b\u0119d\u0105"},"content":{"rendered":"\n<p>Mianowany przez papie\u017ca Franciszka kardyna\u0142 Grzegorz Ry\u015b zabra\u0142 g\u0142os w sprawie, o kt\u00f3rej milcz\u0105 polscy biskupi. Chodzi o niezale\u017cn\u0105 komisj\u0119 ko\u015bcieln\u0105 maj\u0105c\u0105 zbada\u0107 skandal wykorzystywania seksualnego nieletnich przez duchownych Ko\u015bcio\u0142a rzymsko-katolickiego w Polsce. Komisja w kszta\u0142cie od pocz\u0105tku planowanym nie powstanie.<\/p>\n\n\n\n<!--more-->\n\n\n\n<p>Po ostatniej konferencji episkopatu poinformowano, \u017ce dalszymi pracami dotycz\u0105cymi komisji nie b\u0119dzie ju\u017c kierowa\u0142 abp Wojciech Polak. Zast\u0105pi go biskup gliwicki S\u0142awomir Oder, kt\u00f3ry ma przeanalizowa\u0107 dokumenty dot\u0105d przygotowane. Kardyna\u0142 Ry\u015b w rozmowie z publicznym Radiem \u0141\u00f3d\u017a powiedzia\u0142 to, co m\u00f3wi\u0105 i my\u015bl\u0105 katolicy, kt\u00f3rzy witali dwa lata temu zapowied\u017a powo\u0142ania komisji z nadziej\u0105. Ry\u015b wyrazi\u0142 obaw\u0119, \u017ce teraz prace nad powstaniem komisji przeci\u0105gn\u0105 si\u0119, a &#8222;to jest rzecz, kt\u00f3ra nie powinna mie\u0107 miejsca. To jest wr\u0119cz niedopuszczalne\u201d, bo &#8222;t\u0119 komisj\u0119 trzeba powo\u0142a\u0107 teraz. Nie za dwa, nie za trzy lata. Na to b\u0119dzie za p\u00f3\u017ano\u201d.<\/p>\n\n\n\n<p>Wypowied\u017a kardyna\u0142a nie pozostawia w\u0105tpliwo\u015bci, \u017ce zdaje on sobie spraw\u0119 z tego, i\u017c w gr\u0119 wchodzi wiarygodno\u015b\u0107 Ko\u015bcio\u0142a. Ry\u015b zapowiedzia\u0142, \u017ce przygotowuje w tej sprawie osobne &#8222;przemy\u015blane i powa\u017cne\u201d wyst\u0105pienie. W \u017cyciu katolickim mo\u017ce by\u0107 to wydarzenie.<\/p>\n\n\n\n<p>Ry\u015b zna spraw\u0119 od wewn\u0105trz. Nale\u017ca\u0142 do zespo\u0142u pracuj\u0105cego pod kierunkiem prymasa Polaka. Zajmowa\u0142 si\u0119 \u2013 jest historykiem z wykszta\u0142cenia \u2013 aspektem historycznym nadu\u017cy\u0107 seksualnych w Ko\u015bciele (napisa\u0142 ksi\u0105\u017ck\u0119 o celibacie). &#8222;Uwa\u017cam, \u017ce to, co zesp\u00f3\u0142 wypracowa\u0142, jest dobre, i jestem got\u00f3w tego publicznie broni\u0107. I \u017ce ksi\u0105dz prymas zebra\u0142 naprawd\u0119 kompetentnych ludzi\u201d &#8211; prawnik\u00f3w, psycholog\u00f3w. &#8222;Ja si\u0119 te\u017c troch\u0119 czuj\u0119 jak kto\u015b, komu podzi\u0119kowano za prac\u0119\u201d. Rozumiemy, \u017ce Ry\u015b poczu\u0142 si\u0119 jak niesprawiedliwie wywalony z roboty. Dlaczego? Tego Ko\u015bci\u00f3\u0142 nie ma w zwyczaju wyja\u015bnia\u0107 szerszej publiczno\u015bci. Tak jak nie wyja\u015bni\u0142, dlaczego odsuni\u0119to prymasa Polaka.<\/p>\n\n\n\n<p>W pi\u0105tek w Krakowie pod budynkiem kurii przy ul. Franciszka\u0144skiej zebra\u0142a si\u0119 kilkudziesi\u0119cioosobowa grupa na pokojowym prote\u015bcie przeciwko rozgonieniu zespo\u0142u prymasa. Odczytano listy skrzywdzonych. Jedna z uczestniczek m\u00f3wi\u0142a, \u017ce wierzy\u0142a w powstanie komisji, bo ufa\u0142a prymasowi. C\u00f3\u017c, episkopat wida\u0107 nie mia\u0142 takiego zaufania do prymasa Polaka, skoro zastopowa\u0142 w tak obcesowy spos\u00f3b jego dzia\u0142anie. Co tam wiarygodno\u015b\u0107 w oczach zwyk\u0142ych owieczek czy ofiar ksi\u0119\u017cy. Co tam ich krzywda. <\/p>\n\n\n\n<p>A przecie\u017c Ry\u015b \u2013 dzi\u015b cz\u0142onek najwy\u017cszej elity ko\u015bcielnej z prawem wyboru papie\u017ca \u2013 m\u00f3wi w wywiadzie to samo, co protestuj\u0105cy w Krakowie i innych miastach polskich. &#8222;Pierwszym celem komisji jest dotarcie do ludzi, kt\u00f3rzy zostali poszkodowani i jeszcze nigdy Ko\u015bci\u00f3\u0142 do nich nie dotar\u0142. Ja znam takich ludzi, mam ich w swojej diecezji [\u0142\u00f3dzkiej]. Panu Bogu dzi\u0119kuj\u0119, \u017ce mog\u0142em do nich dotrze\u0107 i si\u0119 z nimi spotka\u0107. I wiem, co to znaczy dla kogo\u015b, kto by\u0142 traktowany jak przedmiot przest\u0119pstwa wiele lat temu i musia\u0142 z tym \u017cy\u0107 nast\u0119pne 50 lat. S\u0105 historie straszne same w sobie\u201d. Co z tego, kiedy episkopat, jak wida\u0107, uzna\u0142, \u017ce w interesie ko\u015bcielnej korporacji wa\u017cniejsze jest wyciszenie sprawy.<\/p>\n\n\n\n<p>Patrzy\u0142em na protest w Krakowie z szacunkiem dla jego uczestnik\u00f3w, g\u0142\u00f3wnie ludzi m\u0142odych, zapewne w wi\u0119kszo\u015bci praktykuj\u0105cych katolik\u00f3w. Ze spokojn\u0105 determinacj\u0105 za\u015bwiadczali, \u017ce sprawa nie jest im oboj\u0119tna. Zanie\u015bli pod budynek kamyki z cytatami z Ewangelii. Je\u015bli ci, kt\u00f3rzy powinni m\u00f3wi\u0107, b\u0119d\u0105 milczeli, &#8222;kamienie wo\u0142a\u0107 b\u0119d\u0105\u201d.<\/p>\n\n\n\n<p>Gdy trybuna\u0142 Przy\u0142\u0119bskiej sw\u0105 decyzj\u0105 odmawiaj\u0105c\u0105 prawa do aborcji p\u0142odu z ci\u0119\u017ckimi nieuleczalnymi wadami wyprowadzi\u0142 na ulice polskich miast t\u0142umy protestuj\u0105cych, patrzy\u0142em na tej samej Franciszka\u0144skiej na pot\u0119\u017cn\u0105 manifestacj\u0119 sprzeciwu. Teraz, w sprawie rozgonienia komisji prymasa Polaka, sta\u0142a naprzeciwko budynku mniej liczna grupa. Ale je\u015bli kiedy\u015b co\u015b si\u0119 zmieni w Ko\u015bciele w Polsce na lepsze, to dzi\u0119ki tym zwyk\u0142ym katolikom, bo na biskup\u00f3w milcz\u0105cych w trudnych dla Ko\u015bcio\u0142a sprawach raczej nie ma co liczy\u0107.<\/p>\n","protected":false},"excerpt":{"rendered":"<p>Mianowany przez papie\u017ca Franciszka kardyna\u0142 Grzegorz Ry\u015b zabra\u0142 g\u0142os w sprawie, o kt\u00f3rej milcz\u0105 polscy biskupi. Chodzi o niezale\u017cn\u0105 komisj\u0119 ko\u015bcieln\u0105 maj\u0105c\u0105 zbada\u0107 skandal wykorzystywania seksualnego nieletnich przez duchownych Ko\u015bcio\u0142a rzymsko-katolickiego w Polsce. Komisja w kszta\u0142cie od pocz\u0105tku planowanym nie powstanie.<\/p>\n","protected":false},"author":3,"featured_media":0,"comment_status":"open","ping_status":"closed","sticky":false,"template":"","format":"standard","meta":{"footnotes":""},"categories":[1],"tags":[],"_links":{"self":[{"href":"https:\/\/blog.polityka.pl\/szostkiewicz\/wp-json\/wp\/v2\/posts\/17020"}],"collection":[{"href":"https:\/\/blog.polityka.pl\/szostkiewicz\/wp-json\/wp\/v2\/posts"}],"about":[{"href":"https:\/\/blog.polityka.pl\/szostkiewicz\/wp-json\/wp\/v2\/types\/post"}],"author":[{"embeddable":true,"href":"https:\/\/blog.polityka.pl\/szostkiewicz\/wp-json\/wp\/v2\/users\/3"}],"replies":[{"embeddable":true,"href":"https:\/\/blog.polityka.pl\/szostkiewicz\/wp-json\/wp\/v2\/comments?post=17020"}],"version-history":[{"count":3,"href":"https:\/\/blog.polityka.pl\/szostkiewicz\/wp-json\/wp\/v2\/posts\/17020\/revisions"}],"predecessor-version":[{"id":17024,"href":"https:\/\/blog.polityka.pl\/szostkiewicz\/wp-json\/wp\/v2\/posts\/17020\/revisions\/17024"}],"wp:attachment":[{"href":"https:\/\/blog.polityka.pl\/szostkiewicz\/wp-json\/wp\/v2\/media?parent=17020"}],"wp:term":[{"taxonomy":"category","embeddable":true,"href":"https:\/\/blog.polityka.pl\/szostkiewicz\/wp-json\/wp\/v2\/categories?post=17020"},{"taxonomy":"post_tag","embeddable":true,"href":"https:\/\/blog.polityka.pl\/szostkiewicz\/wp-json\/wp\/v2\/tags?post=17020"}],"curies":[{"name":"wp","href":"https:\/\/api.w.org\/{rel}","templated":true}]}}