
{"id":17063,"date":"2025-07-11T21:15:43","date_gmt":"2025-07-11T19:15:43","guid":{"rendered":"https:\/\/blog.polityka.pl\/szostkiewicz\/?p=17063"},"modified":"2025-07-11T22:09:53","modified_gmt":"2025-07-11T20:09:53","slug":"dlugi-cien-wolynia","status":"publish","type":"post","link":"https:\/\/blog.polityka.pl\/szostkiewicz\/2025\/07\/11\/dlugi-cien-wolynia\/","title":{"rendered":"D\u0142ugi cie\u0144 Wo\u0142ynia"},"content":{"rendered":"\n<p>Straszna jest bezsilno\u015b\u0107 Europy wzgl\u0119dem tragedii Ukrainy. Codziennie ogl\u0105damy wojenne obrazy z miejscowo\u015bci zaatakowanych przez rosyjskie drony i rakiety. Codziennie s\u0142yszymy, \u017ce tak zmasowanych atak\u00f3w na Kij\u00f3w dot\u0105d nie by\u0142o. Coraz wi\u0119cej jest ofiar cywilnych, coraz wi\u0119cej zniszcze\u0144 w dzielnicach mieszkaniowych i w infrastrukturze potrzebnej do normalnego \u017cycia i funkcjonowania spo\u0142ecznego.<\/p>\n\n\n\n<!--more-->\n\n\n\n<p>A u nas coraz mniej jest solidarno\u015bci z Ukrai\u0144cami. Kto\u015b to uj\u0105\u0142 tak, \u017ce Polacy s\u0105 za Ukrain\u0105, ale przeciw Ukrai\u0144com. Zw\u0142aszcza tym przyby\u0142ym do Polski po napa\u015bci Rosji. Polska spontaniczna akcja solidarno\u015bci z uchod\u017acami zaimponowa\u0142a Europie niech\u0119tnej imigrantom i bie\u017ce\u0144com. A u nas wydawa\u0142o si\u0119, \u017ce przeszli\u015bmy jaki\u015b Rubikon we wzajemnych relacjach. I w pa\u0144stwowych, politycznych, i w spo\u0142ecznych, w\u015br\u00f3d zwyk\u0142ych obywateli.<\/p>\n\n\n\n<p>Po ostatniej kampanii prezydenckiej sta\u0142o si\u0119 jasne, \u017ce to pobo\u017cne \u017cyczenie. Ukraino\u017cercza nacjonalistyczna prawica ze wsparciem ruskich trolli i putinist\u00f3w naszego rodzimego chowu zdo\u0142a\u0142a zmieni\u0107 pozytywne nastawienie wi\u0119kszo\u015bci Polak\u00f3w. Kupili negatywny przekaz antyukrai\u0144skich polityk\u00f3w, nacjonalistycznych dzia\u0142aczy i medi\u00f3w o braku &#8222;wdzi\u0119czno\u015bci\u201d zar\u00f3wno ze strony pa\u0144stwa ukrai\u0144skiego, jak i uchod\u017ac\u00f3w.<\/p>\n\n\n\n<p>Prawica narzuci\u0142a dodatkowo w\u0105tek wo\u0142y\u0144ski. I to na najwy\u017cszym szczeblu. Oto odchodz\u0105cy z urz\u0119du prezydent Duda w rozmowie z prawicowymi redaktorami \u2013 tej samej, w kt\u00f3rej or\u0119dowa\u0142 za wieszaniem zdrajc\u00f3w \u2013 tak si\u0119 wypowiedzia\u0142 na temat tragedii wo\u0142y\u0144skiej: &#8222;My nie oczekujemy tego, \u017ce mi\u0119dzynarodowo zostanie stwierdzona zbrodnia ludob\u00f3jstwa. Nie b\u00f3jcie si\u0119, \u017ce chcemy odszkodowa\u0144. Chcemy dobros\u0105siedzkich relacji\u201d. Tylko co mia\u0142yby oznacza\u0107 &#8222;dobros\u0105siedzkie relacje\u201d, gdy skrajna prawica i PiS, sk\u0105d wywodzi si\u0119 Duda, powtarzaj\u0105 mantr\u0119 o &#8222;niewdzi\u0119czno\u015bci\u201d? I sk\u0105d pewno\u015b\u0107 odchodz\u0105cego prezydenta, \u017ce Nawrocki te\u017c tego pragnie. Otaczaj\u0105 go przecie\u017c ludzie radykalnie antysystemowi. A dobre relacje polsko-ukrai\u0144skie to cz\u0119\u015b\u0107 systemu po 1989 r.<\/p>\n\n\n\n<p>Co gorsza \u2013 z punktu widzenia tych radyka\u0142\u00f3w \u2013 rzecznikiem tej linii jest Donald Tusk, kt\u00f3rego oni nienawidz\u0105 za ca\u0142okszta\u0142t, podobnie jak radykalna lewica Zandberga. Mam nadziej\u0119, \u017ce dop\u00f3ki mamy rz\u0105d koalicji demokratycznej, linia &#8222;za wolno\u015b\u0107 nasz\u0105 i wasz\u0105\u201d b\u0119dzie kontynuowana. Ale czy b\u0119dzie kontynuowana, je\u015bli za dwa lata PiS wr\u00f3ci\u0142by do w\u0142adzy i sformowa\u0142 ze skrajn\u0105 prawic\u0105 rz\u0105d, mo\u017ce z jeszcze silniejszym poparciem?<\/p>\n\n\n\n<p>Tak\u017ce na lewicy zdarzaj\u0105 si\u0119 nacjonali\u015bci, kt\u00f3rzy mogliby sprzymierzy\u0107 si\u0119 ze skrajn\u0105 prawic\u0105 przeciwko linii Giedroycia, kontynuowanej przez Tuska, lecz to nie oni wytyczaliby polityk\u0119 ukrai\u0144sk\u0105 w epoce Nawrockiego i Mentzena, tylko ci dwaj bli\u017cej nieznani wybra\u0144cy nowej radykalnej prawicy. Kieruj\u0105c si\u0119 rosyjsk\u0105 i ukrai\u0144sk\u0105 polityk\u0105 Trumpa, ich idola i mentora.<\/p>\n\n\n\n<p>Na dzi\u015b lekcja jest taka: Ameryka Trumpa nie pomo\u017ce Europie rozwi\u0105za\u0107 problemu. Nie pomo\u017ce te\u017c nowy papie\u017c, kt\u00f3ry powiedzia\u0142 Ze\u0142enskiemu w Rzymie, \u017ce got\u00f3w jest by\u0107 gospodarzem spotkania prezydenta Ukrainy z Putinem. Leon XIV nie kluczy w stylu Franciszka w sprawie Ukrainy. Nazywa j\u0105 &#8222;m\u0119czennikiem w bezsensownej wojnie\u201d. Rosjanie oferty nie podj\u0119li.<\/p>\n\n\n\n<p>Watyka\u0144ski komunikat po najnowszym spotkaniu Ze\u0142enskiego z papie\u017cem m\u00f3wi wyra\u017anie, \u017ce papie\u017c modli si\u0119 za ofiary, a nar\u00f3d ukrai\u0144ski jest mu bliski. Ze\u0142enski zg\u0142osi\u0142 gotowo\u015b\u0107 skorzystania z oferty Leona. Podzi\u0119kowa\u0142 za pomoc dyplomacji watyka\u0144skiej w organizacji wymiany je\u0144c\u00f3w wojennych i w zabiegach Kijowa o umo\u017cliwienie powrotu dzieci ukrai\u0144skich wywiezionych przez naje\u017ad\u017ac\u00f3w do Rosji. Cz\u0119\u015b\u0107 z tych, kt\u00f3re uda\u0142o si\u0119 sprowadzi\u0107 do ojczyzny, mo\u017ce wraca\u0107 do formy fizycznej i psychicznej na wakacjach we W\u0142oszech pod patronatem Watykanu.<\/p>\n\n\n\n<p>W drugiej w ci\u0105gu dwu miesi\u0119cy rozmowie Ze\u0142enskiego z papie\u017cem pojawi\u0142 si\u0119 w\u0105tek greckokatolickiego metropolity Andreja Szeptyckiego, kandydata na o\u0142tarze w Ko\u015bciele rzymskokatolickim. Podczas okupacji niemieckiej Szeptycki nakaza\u0142, by w klasztorach \u017ce\u0144skich ukrywano dzieci \u017cydowskie. Ocala\u0142 dzi\u0119ki temu m.in. przysz\u0142y minister spraw zagranicznych RP Adam Rotfeld i powojenny naczelny rabin Wojska Polskiego Dawid Kahan.<\/p>\n\n\n\n<p>Szeptycki dla ukrai\u0144skich grekokatolik\u00f3w jest \u015bwi\u0119tym i patriot\u0105 sprawy ukrai\u0144skiej. Dla propagandy sowieckiej by\u0142 kolaborantem Hitlera i zajad\u0142ym antykomunist\u0105, dla wielu polskich katolik\u00f3w i kresowiak\u00f3w \u2013 renegatem sprawy polskiej. Te niedaj\u0105ce si\u0119 pogodzi\u0107 wersje s\u0105 do dzi\u015b wykorzystywane w antyukrai\u0144skim przekazie polskiej prawicy.<\/p>\n\n\n\n<p>To samo w moim odczuciu dotyczy tragedii Wo\u0142ynia. Oba narody chcia\u0142y niepodleg\u0142o\u015bci i wolno\u015bci. W \u00f3wczesnej sytuacji politycznej te d\u0105\u017cenia musia\u0142y si\u0119 zderzy\u0107. Wolna Polska i wolna Ukraina by\u0142y nie do przyj\u0119cia dla nazizmu i stalinizmu. Mia\u0142o nigdy nie doj\u015b\u0107 do zbli\u017cenia Polak\u00f3w z Ukrai\u0144cami, bo to uderza\u0142oby w interesy obu imperi\u00f3w. W ich interesie by\u0142o pot\u0119gowanie konfliktu polsko-ukrai\u0144skiego, ci\u0105g\u0142e podsycanie z\u0142ych emocji, epatowanie krwawymi zbrodniami, przemilczanie zbrodni po swojej stronie. Te metody komunist\u00f3w przej\u0119li po upadku bloku sowieckiego prawicowcy i nacjonali\u015bci. Kreml bardzo liczy na polskich ukraino\u017cerc\u00f3w i wci\u0105\u017c dostarcza im propagandowego \u017ceru.<\/p>\n\n\n\n<p>Gdyby politycy i politykierzy po obu stronach nie mieszali si\u0119 do bada\u0144 i dialogu rzetelnych historyk\u00f3w po obu stronach, mo\u017ce kiedy\u015b da\u0142oby si\u0119 ustali\u0107 pe\u0142n\u0105 prawd\u0119 \u2013 do przyj\u0119cia przez obie strony. Musia\u0142aby ona jednak wyj\u015b\u0107 do ludzi, &#8222;trafi\u0107 pod strzechy\u201d, a na tym nie zale\u017cy politykom.<\/p>\n","protected":false},"excerpt":{"rendered":"<p>Straszna jest bezsilno\u015b\u0107 Europy wzgl\u0119dem tragedii Ukrainy. Codziennie ogl\u0105damy wojenne obrazy z miejscowo\u015bci zaatakowanych przez rosyjskie drony i rakiety. Codziennie s\u0142yszymy, \u017ce tak zmasowanych atak\u00f3w na Kij\u00f3w dot\u0105d nie by\u0142o. Coraz wi\u0119cej jest ofiar cywilnych, coraz wi\u0119cej zniszcze\u0144 w dzielnicach mieszkaniowych i w infrastrukturze potrzebnej do normalnego \u017cycia i funkcjonowania spo\u0142ecznego.<\/p>\n","protected":false},"author":3,"featured_media":0,"comment_status":"open","ping_status":"closed","sticky":false,"template":"","format":"standard","meta":{"footnotes":""},"categories":[1],"tags":[],"_links":{"self":[{"href":"https:\/\/blog.polityka.pl\/szostkiewicz\/wp-json\/wp\/v2\/posts\/17063"}],"collection":[{"href":"https:\/\/blog.polityka.pl\/szostkiewicz\/wp-json\/wp\/v2\/posts"}],"about":[{"href":"https:\/\/blog.polityka.pl\/szostkiewicz\/wp-json\/wp\/v2\/types\/post"}],"author":[{"embeddable":true,"href":"https:\/\/blog.polityka.pl\/szostkiewicz\/wp-json\/wp\/v2\/users\/3"}],"replies":[{"embeddable":true,"href":"https:\/\/blog.polityka.pl\/szostkiewicz\/wp-json\/wp\/v2\/comments?post=17063"}],"version-history":[{"count":4,"href":"https:\/\/blog.polityka.pl\/szostkiewicz\/wp-json\/wp\/v2\/posts\/17063\/revisions"}],"predecessor-version":[{"id":17068,"href":"https:\/\/blog.polityka.pl\/szostkiewicz\/wp-json\/wp\/v2\/posts\/17063\/revisions\/17068"}],"wp:attachment":[{"href":"https:\/\/blog.polityka.pl\/szostkiewicz\/wp-json\/wp\/v2\/media?parent=17063"}],"wp:term":[{"taxonomy":"category","embeddable":true,"href":"https:\/\/blog.polityka.pl\/szostkiewicz\/wp-json\/wp\/v2\/categories?post=17063"},{"taxonomy":"post_tag","embeddable":true,"href":"https:\/\/blog.polityka.pl\/szostkiewicz\/wp-json\/wp\/v2\/tags?post=17063"}],"curies":[{"name":"wp","href":"https:\/\/api.w.org\/{rel}","templated":true}]}}