
{"id":171,"date":"2007-04-12T14:46:06","date_gmt":"2007-04-12T13:46:06","guid":{"rendered":"http:\/\/szostkiewicz.blog.polityka.pl\/?p=171"},"modified":"2007-04-12T14:46:06","modified_gmt":"2007-04-12T13:46:06","slug":"demokracja-mundurkow","status":"publish","type":"post","link":"https:\/\/blog.polityka.pl\/szostkiewicz\/2007\/04\/12\/demokracja-mundurkow\/","title":{"rendered":"Demokracja mundurk\u00f3w"},"content":{"rendered":"<p><font size=\"2\">Czy szkolne mundurki gro\u017c\u0105 demokracji? W Anglii nie gro\u017c\u0105, to czemu maj\u0105 grozi\u0107 w Polsce? Moje c\u00f3rki chodzi\u0142y rok do londy\u0144skiej podstaw\u00f3wki w takich samych jak wszystkie inne dziewczynki, bia\u0142e, czarne i \u017c\u00f3\u0142te, granatowych sp\u00f3dniczkach, bia\u0142ych bluzkach i niebieskich sweterkach w serek. W inych szko\u0142ach trzeba nosi\u0107 marynarki i krawaty &#8211; dziewczynki i ch\u0142opcy. Nikt si\u0119 na to nie skar\u017cy\u0142,a to przecie\u017c kosmopolityczna metropolia! Na m\u00f3j gust wygl\u0105da\u0142o to \u0142adniej i schludniej ni\u017c dresy, bejsbol\u00f3wki i adidasy, zw\u0142aszcza, jak to u dzieci, wysmarowane. Sam chodzi\u0142em do liceum w latach 60 &#8211; mundurk\u00f3w nie by\u0142o, ale nosio si\u0119 mniej wi\u0119cej takie same jasne koszule, ciemne spodnie i marynarki, rzadko swetry czy jakie\u015b \u017cakiety lub lekkie kurtki. Klasowa elita wyr\u00f3\u017cnia\u0142a si\u0119 najwy\u017cej d\u017cinsami z Pekao, czyli za dolary. Nie by\u0142 to jaki\u015b wa\u017cny temat. To, \u017ce nie nosi\u0142o si\u0119 drogich ciuch\u00f3w czy bi\u017cuterii by\u0142o oczywi\u015bcie urawni\u0142owk\u0105, ale dawa\u0142o wzgl\u0119dne poczucie r\u00f3wno\u015bci i nie stwarza\u0142o okazji do kradzie\u017cy czy szpanowania akurat na tym polu.<\/font><font size=\"2\">W tym sensie mo\u017cna chyba twierdzi\u0107, \u017ce dyktatura mundurk\u00f3w pasuje do szko\u0142y nie gorzej ni\u017c ubraniowa wolna amerykanka.<\/font><font size=\"2\">K\u0142opot w Polsce AD 2007 polega na tym, \u017ce w ferworze spor\u00f3w wylewamy dziecko z k\u0105piel\u0105. Mundurki maj\u0105 pecha, bo chce ich minister Giertych. Ale niem\u0105drze jest skre\u015bla\u0107 pomys\u0142 tylko dlatego, \u017ce stoi za nim (s\u0142usznie) niepopularny cz\u0142onek rz\u0105du. Drugi k\u0142opot jest powa\u017cniejszy. Do elementarza polityki demokratrycznej nale\u017cy zasada, \u017ce swob\u00f3d raz uzyskanych nie powinno si\u0119 ludziom zabiera\u0107 bez naprawd\u0119 wa\u017cnego i publicznie uzasadnionego powodu. Ot\u00f3\u017c od wielu lat polska szko\u0142a \u017cyje w odzie\u017cowym pluralizmie. M\u0142odych ludzi wychowanych przez telewizj\u0119 w kulcie indywidualno\u015bci (redukowanej zwykle do ubrania, makija\u017cu i gust\u00f3w muzycznych) trudno przekona\u0107, czemu maj\u0105 teraz wskakiwa\u0107 w jakie\u015b jednakowe szare wdzianka. Nie widz\u0105, jak konformistyczne s\u0105 mody, kt\u00f3rym sami ulegaj\u0105. Co to w ko\u0144cu za pluralizm ekspresji, kiedy wszyscy nosz\u0105 podobne ubrania i fryzury?<\/p>\n<p>Nie widz\u0119 specjalnej r\u00f3\u017cnicy mi\u0119dzy konformizmem garnitur\u00f3w i krawat\u00f3w a konformizmem dred\u00f3w czy glan\u00f3w. W Anglii mundurki by\u0142y ,,zawsze&#8221;, w Polsce raz by\u0142y, raz nie, i rzeczywi\u015bcie lepiej by\u0142oby zostawi\u0107 mundurkow\u0105 polityk\u0119 w gestii poszczeg\u00f3lnych szk\u00f3\u0142 ni\u017c forsowa\u0107 j\u0105 centralnie &#8211; nawet w tej dziedzinie wida\u0107, ile mamy do odrobienia. Nie mundurki zagra\u017caj\u0105 demokracji, drogi ,,Antku&#8221;, lecz arogancja w\u0142adzy i ignorancja obywateli.<\/p>\n<p>PS. Wodnik53: czarny obraz Opus Dei i Escrivy Balaguera to w du\u017cym stopniu produkt czarnego PR-u, ja tego nie kupuj\u0119; Balaguer czeka\u0142 na beatyfikacj\u0119 17 lat, na kanonizacj\u0119 &#8211; 27, wi\u0119c Jan Pawe\u0142 II go specjalnie nie forsowa\u0142, razem z nim wyni\u00f3s\u0142 na o\u0142tarze suda\u0144sk\u0105 zakonnic\u0119, by\u0142\u0105 niewolnic\u0119, poniek\u0105d ofiar\u0119 systemu kolonialnego, kt\u00f3rego filarem by\u0142a kiedy\u015b katolicka Hiszpania. Podobny zabieg ,,balansuj\u0105cy&#8221; powt\u00f3rzy\u0142 papie\u017c przy beatyfikacji Jana XXIII, kiedy to jednocze\u015bnie tego samego zasczcytu dost\u0105pi\u0142 ,,konserwatywny&#8221; papie\u017c Pius IX. PK i Olek51 &#8211; dzi\u0119kuj\u0119 za ciep\u0142e s\u0142owa i poniek\u0105d wyrazy wsp\u00f3\u0142czucia, ale to nieprawda, \u017ce jestem chadekiem i \u017ce wierz\u0119 w Ko\u015bci\u00f3\u0142 hierarchiczny. Jean Paul &#8211; a sk\u0105d ta pewno\u015b\u0107, \u017ce 95 proc. Episkopatu podziela pogl\u0105dy Rydzyka? Znam jak\u0105\u015b cz\u0119\u015b\u0107 biskup\u00f3w (oko\u0142o 1\/3) i w\u015br\u00f3d tych, kt\u00f3rych znam, nie ma ani jednego fana radiomaryjnego mesjanizmu. Co do teologii wyzwolenia &#8211; temat za obszerny, by go tu podejmowa\u0107 w niezobowi\u0105zuj\u0105cej, prywatno-felietonowej formule blogu, ale dzi\u0119kuj\u0119 za posty na ten temat &#8211; mo\u017ce napisz\u0119 o tym artyku\u0142 w papierowej Polityce.<\/p>\n<p>\u00a0<\/p>\n<p><\/font>\u00a0<\/p>\n","protected":false},"excerpt":{"rendered":"<p>Czy szkolne mundurki gro\u017c\u0105 demokracji? W Anglii nie gro\u017c\u0105, to czemu maj\u0105 grozi\u0107 w Polsce? Moje c\u00f3rki chodzi\u0142y rok do londy\u0144skiej podstaw\u00f3wki w takich samych jak wszystkie inne dziewczynki, bia\u0142e, czarne i \u017c\u00f3\u0142te, granatowych sp\u00f3dniczkach, bia\u0142ych bluzkach i niebieskich sweterkach w serek. W inych szko\u0142ach trzeba nosi\u0107 marynarki i krawaty &#8211; dziewczynki i ch\u0142opcy. Nikt [&hellip;]<\/p>\n","protected":false},"author":3,"featured_media":0,"comment_status":"open","ping_status":"open","sticky":false,"template":"","format":"standard","meta":{"footnotes":""},"categories":[1],"tags":[],"_links":{"self":[{"href":"https:\/\/blog.polityka.pl\/szostkiewicz\/wp-json\/wp\/v2\/posts\/171"}],"collection":[{"href":"https:\/\/blog.polityka.pl\/szostkiewicz\/wp-json\/wp\/v2\/posts"}],"about":[{"href":"https:\/\/blog.polityka.pl\/szostkiewicz\/wp-json\/wp\/v2\/types\/post"}],"author":[{"embeddable":true,"href":"https:\/\/blog.polityka.pl\/szostkiewicz\/wp-json\/wp\/v2\/users\/3"}],"replies":[{"embeddable":true,"href":"https:\/\/blog.polityka.pl\/szostkiewicz\/wp-json\/wp\/v2\/comments?post=171"}],"version-history":[{"count":0,"href":"https:\/\/blog.polityka.pl\/szostkiewicz\/wp-json\/wp\/v2\/posts\/171\/revisions"}],"wp:attachment":[{"href":"https:\/\/blog.polityka.pl\/szostkiewicz\/wp-json\/wp\/v2\/media?parent=171"}],"wp:term":[{"taxonomy":"category","embeddable":true,"href":"https:\/\/blog.polityka.pl\/szostkiewicz\/wp-json\/wp\/v2\/categories?post=171"},{"taxonomy":"post_tag","embeddable":true,"href":"https:\/\/blog.polityka.pl\/szostkiewicz\/wp-json\/wp\/v2\/tags?post=171"}],"curies":[{"name":"wp","href":"https:\/\/api.w.org\/{rel}","templated":true}]}}