
{"id":17270,"date":"2025-09-13T14:48:58","date_gmt":"2025-09-13T12:48:58","guid":{"rendered":"https:\/\/blog.polityka.pl\/szostkiewicz\/?p=17270"},"modified":"2025-09-15T10:27:33","modified_gmt":"2025-09-15T08:27:33","slug":"kwestia-dronow","status":"publish","type":"post","link":"https:\/\/blog.polityka.pl\/szostkiewicz\/2025\/09\/13\/kwestia-dronow\/","title":{"rendered":"Dronomachia"},"content":{"rendered":"\n<p>Niestety. Skutecznie dzia\u0142a rosyjska machina dezinformacyjna. Przynajmniej w Polsce. Po rosyjskim ataku dronowym na nasz kraj niemal od razu w internetach zacz\u0119\u0142a si\u0119 akcja propagandowa obarczaj\u0105ca win\u0105 za nalot nie Rosj\u0119, lecz&#8230; Ukrain\u0119.<\/p>\n\n\n\n<!--more-->\n\n\n\n<p>Dywersanci podsuwali te\u017c inne opcje, np. win\u0119 rz\u0105du Tuska czy NATO. Cel by\u0142 jasny: <a href=\"https:\/\/www.gazetaprawna.pl\/wiadomosci\/kraj\/artykuly\/9885017,dezinformacja-po-ataku-rosyjskich-dronow-eksperci-polska-jest-celem.html\" data-type=\"link\" data-id=\"https:\/\/www.gazetaprawna.pl\/wiadomosci\/kraj\/artykuly\/9885017,dezinformacja-po-ataku-rosyjskich-dronow-eksperci-polska-jest-celem.html\">sia\u0107 nieufno\u015b\u0107<\/a> do Ukrainy i Ukrai\u0144c\u00f3w, os\u0142abia\u0107 poparcie dla proukrai\u0144skiej polityki pa\u0144stwa polskiego i dla obecno\u015bci Polski w strukturach zachodnich.<\/p>\n\n\n\n<p>Na szcz\u0119\u015bcie \u015bciek internetowy to nie to samo, co wynik profesjonalnego sonda\u017cu opinii. Miejmy nadziej\u0119, \u017ce w takim badaniu wi\u0119kszo\u015b\u0107 pytanych nie powt\u00f3rzy\u0142aby narracji rosyjskiej o winie Ukrainy czy prawicowej o winie rz\u0105du Tuska. Cho\u0107 pewno\u015bci wcale nie mam, bo Rosja i jej pi\u0105ta kolumna w Polsce przecie\u017c nie z\u0142o\u017cy\u0142y cybernetycznej broni. Tej propagandy i dezinformacji b\u0119dzie niestety raczej przybywa\u0142o. Mimo wezwa\u0144 i ostrze\u017ce\u0144 ze strony w\u0142adz i resort\u00f3w rz\u0105dowych, ekspert\u00f3w i medi\u00f3w. Rosja i skrajna prawica \u015bwietnie wykorzystuj\u0105 nieufno\u015b\u0107 do medi\u00f3w tzw. g\u0142\u00f3wnego nurtu i do polityk\u00f3w, zw\u0142aszcza aktualnie rz\u0105dz\u0105cych.<\/p>\n\n\n\n<p>Wydawa\u0142oby si\u0119, \u017ce powinna tu trze\u017awi\u0105co dzia\u0142a\u0107 zasada, \u017ce kto mieczem wojuje, od miecza ginie, ale jako\u015b nie dzia\u0142a. Fa\u0142sze i k\u0142amstwa wpuszczane w obieg publiczny przez media skrajnej prawicy nikomu w\u015br\u00f3d ich odbiorc\u00f3w nie przeszkadzaj\u0105, nie przekre\u015blaj\u0105 ich wiarygodno\u015bci. Tak dzia\u0142a polaryzacja: z g\u00f3ry nie wierzy si\u0119 i odrzuca przekaz przeciwnik\u00f3w politycznych \u2013 a w\u0142a\u015bciwie wrog\u00f3w i zdrajc\u00f3w, bo tak si\u0119 ich przedstawia &#8211; cho\u0107 jest mn\u00f3stwo miejsc i metod weryfikacji wiadomo\u015bci i fakt\u00f3w.<\/p>\n\n\n\n<p>Nie ma prawdy w znaczeniu klasycznym: zgodno\u015bci s\u0142\u00f3w z rzeczami, opisu z faktami. Nie ma nawet fakt\u00f3w, s\u0105 tylko jakie\u015b hybrydowe konstrukcje, kt\u00f3re nieliczni s\u0105 w stanie roz\u0142o\u017cy\u0107 na cz\u0119\u015bci pierwsze i wykaza\u0107 cel i intencje.<\/p>\n\n\n\n<p>Ludzie czytaj\u0105 wy\u0142\u0105cznie takie media i posty, kt\u00f3re im pasuj\u0105 emocjonalnie i politycznie. Prawda ich nie interesuje, chyba \u017ce uderzaj\u0105ca we &#8222;wroga&#8221;. Po inne \u017ar\u00f3d\u0142a nie si\u0119gaj\u0105. Wystarczy TV Republika, media Rydzyka itp. Oferta w sieci jest nieprzebrana. Wsz\u0119dzie mo\u017cna wy\u017cywa\u0107 si\u0119 pod pseudonimami, na tym podglebiu \u0142atwo wysiewa\u0107 chwasty, kt\u00f3re nieplewione szybko rosn\u0105 do rozmiar\u00f3w buszu, przez kt\u00f3ry nie da rady si\u0119 przedrze\u0107.<\/p>\n\n\n\n<p>C\u00f3\u017c, publicy\u015bci czy eksperci mog\u0105 jednak tylko pisa\u0107, m\u00f3wi\u0107, analizowa\u0107, postulowa\u0107. Wi\u0119kszo\u015b\u0107 podziela przekonanie, \u017ce wojna cybernetyczna to nieodrodny element wojny XXI w. Lecz decyzje nale\u017c\u0105 ostatecznie do polityk\u00f3w: jak\u0105 cz\u0119\u015b\u0107 bud\u017cetu pa\u0144stwa przeznaczy\u0107 na wojn\u0119 przy pomocy dron\u00f3w i jak zbudowa\u0107 wojsko dronowe i cybernetyczne.<\/p>\n\n\n\n<p>Tragiczny przyk\u0142ad Ukrainy, napadni\u0119tej i stale bombardowanej przez drony, rozbudzi\u0142 jednak \u2013 cho\u0107 za straszn\u0105 cen\u0119 ofiar i zniszcze\u0144 \u2013 powa\u017cn\u0105 dyskusj\u0119 na ten temat w Polsce i pa\u0144stwach Europy, szczeg\u00f3lnie zagro\u017conych atakami rosyjskimi.<\/p>\n\n\n\n<p>U nas pierwszy rosyjski atak dronowy zniszcze\u0144 wi\u0119kszych nie przyni\u00f3s\u0142 ani nikogo nie zabi\u0142 &#8211; bo nie to by\u0142o jego celem, tylko wywo\u0142anie strachu i dezorientacji &#8211; i trudno go zestawia\u0107 moralnie z rosyjskimi atakami w Ukrainie, gdzie ludzie gin\u0105 co noc. Nie mo\u017cna jednak zak\u0142ada\u0107, \u017ce na tym koniec.<\/p>\n\n\n\n<p>Do\u015bwiadczenie walcz\u0105cej z dronami Ukrainy jest bezcenne, wsp\u00f3\u0142praca z przemys\u0142em ukrai\u0144skim produkuj\u0105cym drony wydaje si\u0119 racj\u0105 stanu w tych pa\u0144stwach. Nie tylko w tych zreszt\u0105, bo dostrzega to tak\u017ce np. rz\u0105d brytyjski. Wi\u0119c do dzie\u0142a.<\/p>\n\n\n\n<p>Bo ju\u017c chyba wszyscy widz\u0105, nawet w Bia\u0142ym Domu i na Krakowskim Przedmie\u015bciu, \u017ce ko\u0144ca wojny rozp\u0119tanej przez Putina nie wida\u0107. Putin nie chce jej zako\u0144czy\u0107, chce j\u0105 wygra\u0107. Poniewa\u017c nie ma si\u0142 i \u015brodk\u00f3w na prowadzenie dw\u00f3ch wojen w Europie jednocze\u015bnie \u2013 z Ukrain\u0105 i z NATO np. o pa\u0144stwa ba\u0142tyckie &#8211; wojna b\u0119dzie d\u0142uga, raz mniej, raz bardziej intensywna, ale bez przekraczania czerwonych linii, czyli masywnej agresji, jak w Ukrainie w lutym 2022, i bez broni atomowej.<\/p>\n\n\n\n<p>Drony b\u0119d\u0105 nadlatywa\u0107 mniej lub bardziej licznie. Trzeba b\u0119dzie mie\u0107 systemy ich neutralizacji &#8211; na tyle rozbudowane i skoordynowane, by nie trzeba by\u0142o wzywa\u0107 lotnictwa do ich str\u0105cania, jak feralnej nocy z 9 na 10 wrze\u015bnia. Tydzie\u0144 przed 86. rocznic\u0105 wtargni\u0119cia Armii Czerwonej do wschodniej Rzeczypospolitej.<\/p>\n","protected":false},"excerpt":{"rendered":"<p>Niestety. Skutecznie dzia\u0142a rosyjska machina dezinformacyjna. Przynajmniej w Polsce. Po rosyjskim ataku dronowym na nasz kraj niemal od razu w internetach zacz\u0119\u0142a si\u0119 akcja propagandowa obarczaj\u0105ca win\u0105 za nalot nie Rosj\u0119, lecz&#8230; Ukrain\u0119.<\/p>\n","protected":false},"author":3,"featured_media":0,"comment_status":"open","ping_status":"closed","sticky":false,"template":"","format":"standard","meta":{"footnotes":""},"categories":[1],"tags":[],"_links":{"self":[{"href":"https:\/\/blog.polityka.pl\/szostkiewicz\/wp-json\/wp\/v2\/posts\/17270"}],"collection":[{"href":"https:\/\/blog.polityka.pl\/szostkiewicz\/wp-json\/wp\/v2\/posts"}],"about":[{"href":"https:\/\/blog.polityka.pl\/szostkiewicz\/wp-json\/wp\/v2\/types\/post"}],"author":[{"embeddable":true,"href":"https:\/\/blog.polityka.pl\/szostkiewicz\/wp-json\/wp\/v2\/users\/3"}],"replies":[{"embeddable":true,"href":"https:\/\/blog.polityka.pl\/szostkiewicz\/wp-json\/wp\/v2\/comments?post=17270"}],"version-history":[{"count":11,"href":"https:\/\/blog.polityka.pl\/szostkiewicz\/wp-json\/wp\/v2\/posts\/17270\/revisions"}],"predecessor-version":[{"id":17285,"href":"https:\/\/blog.polityka.pl\/szostkiewicz\/wp-json\/wp\/v2\/posts\/17270\/revisions\/17285"}],"wp:attachment":[{"href":"https:\/\/blog.polityka.pl\/szostkiewicz\/wp-json\/wp\/v2\/media?parent=17270"}],"wp:term":[{"taxonomy":"category","embeddable":true,"href":"https:\/\/blog.polityka.pl\/szostkiewicz\/wp-json\/wp\/v2\/categories?post=17270"},{"taxonomy":"post_tag","embeddable":true,"href":"https:\/\/blog.polityka.pl\/szostkiewicz\/wp-json\/wp\/v2\/tags?post=17270"}],"curies":[{"name":"wp","href":"https:\/\/api.w.org\/{rel}","templated":true}]}}