
{"id":173,"date":"2007-04-15T08:49:38","date_gmt":"2007-04-15T07:49:38","guid":{"rendered":"http:\/\/szostkiewicz.blog.polityka.pl\/?p=173"},"modified":"2007-04-15T08:49:38","modified_gmt":"2007-04-15T07:49:38","slug":"jakie-prawicy-potrzebuje-polska","status":"publish","type":"post","link":"https:\/\/blog.polityka.pl\/szostkiewicz\/2007\/04\/15\/jakie-prawicy-potrzebuje-polska\/","title":{"rendered":"Jakie prawicy potrzebuje Polska?"},"content":{"rendered":"<p>Roman Giertych oka\u017ce si\u0119 grabarzem tej koalicji i partii PiS. Tego bym nie wymy\u015bli\u0142. Ale jak tego m\u00f3g\u0142 nie widzie\u0107 Jaros\u0142aw Kaczy\u0144ski &#8211; uchodzi przecie\u017c za mistrza sztabowych politycznych gier wojennych? Je\u015bli jest prawd\u0105, jak po po\u0142udniu pisa\u0142y niekt\u00f3re portale, \u017ce premier zruga\u0142 marsza\u0142ka Jurka, to mo\u017ce jednak dostrzeg\u0142 ponure konsekwencje akcji Giertycha, w kt\u00f3r\u0105 dali si\u0119 uwik\u0142a\u0107 pos\u0142owie PiS? Ponure dla PiS, ale i dla LPR, bo w ostatecznym rozrachunku i Liga polegnie na tej wojnie aborcyjnej, w kt\u00f3r\u0105 si\u0119 wpu\u015bci\u0142a. Polegnie, ale poci\u0105gnie do politycznego grobu prawie ca\u0142\u0105 prawic\u0119 i pewnie o to chodzi\u0142o. Sze\u015b\u0107 lat temu AWS, teraz PiS &#8211; prawica znowu rozbita. Miejsce dla nowej w\u0142adzy zrobione. Kto je zajmie?<\/p>\n<p>Platforma te\u017c ten wstrz\u0105s poczuje. Ponad 20 pos\u0142\u00f3w PO g\u0142osowa\u0142o, jak chcia\u0142 lider PiS. Nachalna propaganda zrobi\u0142a swoje: Giertych i jego ludzie nosili teraz bia\u0142e kokardki papieskie, kt\u00f3re pojawi\u0142y si\u0119 spontanicznie w Polsce dwa lata temu, w dniach \u017ca\u0142oby po Janie Pawle II. Kto z papie\u017cem, ten z Giertychem &#8211; takie by\u0142o przes\u0142anie. I wielu prawych ludzi na to si\u0119 nabra\u0142o, nie tylko w Sejmie.<\/p>\n<p>Platforma tymczasem radzi, ,,ile liberalizmu, ile konserwatyzmu&#8221; &#8211; szykuje si\u0119 do w\u0142adzy. je\u015bli wybory przyjd\u0105 szybko, jesieni\u0105 jak wr\u00f3\u017cy senator Gowin, to rzeczywi\u015bcie szanse ma du\u017ce. Ale czym b\u0119dzie si\u0119 r\u00f3\u017cni\u0142a od PiS? Poza stylem &#8211; to wa\u017cne, ale nie najwa\u017cniejsze. Moim zdaniem, historyczna szansa Platformy polega na tym, by zdj\u0105\u0107 z prawicy mask\u0119 oszo\u0142omstwa, nieudacznictwa i szkodnictwa. Ogromny sukces powojennej Europy to dzie\u0142o przede wwszystkim odwa\u017cnych polityk\u00f3w chadeckiej centroprawicy. W Polsce chadecja by\u0142a zawsze wyra\u017anie s\u0142absza ni\u017c endecja i socjali\u015bci, i skutki tego konsumujemy do dzi\u015b, targani ci\u0105gle odgrzewanymi wojnami z zamierzchlej epoki. Polskiej polityce potrzeba nie tylko nowoczesnej lewicy, lecz tak\u017ce nowoczesnej prawicy &#8211; to znaczy pro-europejskiej, pro-rynkowej, neutralnej \u015bwiatopogl\u0105dowo, czyli toleruj\u0105cej w swych szeregach skrzyd\u0142o laickie. Mo\u017ce rozpad koalicji i upadek PiS zmusz\u0105 Platform\u0119 do przemy\u015blenia, jakiej prawicy naprawd\u0119 potrzebuje Polska.<br \/>\n\u00a0\u00a0\u00a0\u00a0\u00a0\u00a0\u00a0\u00a0\u00a0\u00a0\u00a0\u00a0\u00a0\u00a0\u00a0<\/p>\n","protected":false},"excerpt":{"rendered":"<p>Roman Giertych oka\u017ce si\u0119 grabarzem tej koalicji i partii PiS. Tego bym nie wymy\u015bli\u0142. Ale jak tego m\u00f3g\u0142 nie widzie\u0107 Jaros\u0142aw Kaczy\u0144ski &#8211; uchodzi przecie\u017c za mistrza sztabowych politycznych gier wojennych? Je\u015bli jest prawd\u0105, jak po po\u0142udniu pisa\u0142y niekt\u00f3re portale, \u017ce premier zruga\u0142 marsza\u0142ka Jurka, to mo\u017ce jednak dostrzeg\u0142 ponure konsekwencje akcji Giertycha, w kt\u00f3r\u0105 [&hellip;]<\/p>\n","protected":false},"author":3,"featured_media":0,"comment_status":"open","ping_status":"open","sticky":false,"template":"","format":"standard","meta":{"footnotes":""},"categories":[1],"tags":[],"_links":{"self":[{"href":"https:\/\/blog.polityka.pl\/szostkiewicz\/wp-json\/wp\/v2\/posts\/173"}],"collection":[{"href":"https:\/\/blog.polityka.pl\/szostkiewicz\/wp-json\/wp\/v2\/posts"}],"about":[{"href":"https:\/\/blog.polityka.pl\/szostkiewicz\/wp-json\/wp\/v2\/types\/post"}],"author":[{"embeddable":true,"href":"https:\/\/blog.polityka.pl\/szostkiewicz\/wp-json\/wp\/v2\/users\/3"}],"replies":[{"embeddable":true,"href":"https:\/\/blog.polityka.pl\/szostkiewicz\/wp-json\/wp\/v2\/comments?post=173"}],"version-history":[{"count":0,"href":"https:\/\/blog.polityka.pl\/szostkiewicz\/wp-json\/wp\/v2\/posts\/173\/revisions"}],"wp:attachment":[{"href":"https:\/\/blog.polityka.pl\/szostkiewicz\/wp-json\/wp\/v2\/media?parent=173"}],"wp:term":[{"taxonomy":"category","embeddable":true,"href":"https:\/\/blog.polityka.pl\/szostkiewicz\/wp-json\/wp\/v2\/categories?post=173"},{"taxonomy":"post_tag","embeddable":true,"href":"https:\/\/blog.polityka.pl\/szostkiewicz\/wp-json\/wp\/v2\/tags?post=173"}],"curies":[{"name":"wp","href":"https:\/\/api.w.org\/{rel}","templated":true}]}}