
{"id":17493,"date":"2025-12-08T17:17:18","date_gmt":"2025-12-08T16:17:18","guid":{"rendered":"https:\/\/blog.polityka.pl\/szostkiewicz\/?p=17493"},"modified":"2025-12-09T13:04:30","modified_gmt":"2025-12-09T12:04:30","slug":"tylko-tusk-nie-milczal","status":"publish","type":"post","link":"https:\/\/blog.polityka.pl\/szostkiewicz\/2025\/12\/08\/tylko-tusk-nie-milczal\/","title":{"rendered":"Tylko Tusk nie milcza\u0142"},"content":{"rendered":"\n<p>Przez pierwsze dni po upublicznieniu &#8222;narodowej strategii bezpiecze\u0144stwa\u201d Bia\u0142ego Domu Trumpa tylko szef polskiego rz\u0105du zareagowa\u0142 na ten dokument, inni liderzy Unii Europejskiej i sama Ursula von der Leyen milczeli. Powsta\u0142o fatalne wra\u017cenie, \u017ce Tusk wyrwa\u0142 si\u0119 przed szereg, a Unia nie wie, co odpowiedzie\u0107 administracji Trumpa.<\/p>\n\n\n\n<!--more-->\n\n\n\n<p>Wpis premiera Polski na platformie X zrobi\u0142 furor\u0119: prawie 30 mln wy\u015bwietle\u0144 i mn\u00f3stwo komentarzy. Tusk po prostu zrobi\u0142 to, co by\u0142o jego obowi\u0105zkiem jako premiera jednego z czo\u0142\u00f3wki pa\u0144stw cz\u0142onkowskich UE: zamiast robi\u0107 unik w obliczu ataku na UE w dokumencie, zwr\u00f3ci\u0142 si\u0119 do Amerykan\u00f3w. &#8222;Europa jest waszym najbli\u017cszym sojusznikiem, a nie problemem. I mamy wsp\u00f3lnych wrog\u00f3w. Musimy si\u0119 tego trzyma\u0107, to jedyna rozs\u0105dna strategia naszego wsp\u00f3lnego bezpiecze\u0144stwa\u201d. Nic wi\u0119cej nie trzeba m\u00f3wi\u0107, ale czy Bia\u0142y Dom Trumpa to us\u0142yszy?<\/p>\n\n\n\n<p>Nie us\u0142yszy. Strategi\u0119 opracowali twardog\u0142owi, skrajnie prawicowi doradcy i wsp\u00f3\u0142pracownicy Trumpa pokroju kr\u0119gu Ordo Iuris. Dla nich Europa unijna jest nie tylko problemem, ale po prostu rywalem, kt\u00f3rego trzeba albo skolonizowa\u0107, albo zlikwidowa\u0107. Otwartym tekstem powiedzia\u0142 to za nich Elon Musk, kt\u00f3ry mo\u017ce i wypad\u0142 z \u0142ask Trumpa, ale ze wzgl\u0119du na swoje biliony mo\u017ce dalej bezkarnie hasa\u0107 na mi\u0119dzynarodowej niwie politycznej, wtr\u0105caj\u0105c si\u0119 np. w polityk\u0119 niemieck\u0105.<\/p>\n\n\n\n<p>To Musk napisa\u0142 na swojej platformie, \u017ce Uni\u0119 Europejsk\u0105 trzeba zlikwidowa\u0107. &#8222;Dok\u0142adnie tak\u201d, potwierdzi\u0142 putinowski zago\u0144czyk Dmitrij Miedwiediew, kt\u00f3ry w trakcie wojny z Ukrain\u0105 straszy\u0142 u\u017cyciem broni atomowej.<\/p>\n\n\n\n<p>Jak mia\u0142aby wygl\u0105da\u0107 ta likwidacja? Bardzo prosto. Rol\u0119 likwidator\u00f3w ma odegra\u0107 skrajna i populistyczna prawica w UE. Antydemokratyczna, antyliberalna, w znacznej cz\u0119\u015bci prorosyjska i antyukrai\u0144ska. Antysemicka i antymigrancka, ostentacyjnie prochrze\u015bcija\u0144ska. Ma wygrywa\u0107 demokratyczne wybory wspierana przez jankeskich trumpist\u00f3w politycznie i finansowo. Poligonem b\u0119d\u0105 wybory na W\u0119grzech, w Polsce, w Niemczech. A po doj\u015bciu do w\u0142adzy maj\u0105 og\u0142asza\u0107 &#8222;exity\u201d z UE.<\/p>\n\n\n\n<p>Na naszych oczach Ameryka Trumpa dobija targu politycznego i biznesowego z Rosj\u0105 Putina ponad g\u0142owami i kosztem liberalno-demokratycznej Europy i walcz\u0105cej z rosyjsk\u0105 nawa\u0142\u0105 Ukrainy. Nie trzeba chyba szczeg\u00f3\u0142owo t\u0142umaczy\u0107, co to oznacza dla nas i \u015bwiata: apokaliptyczn\u0105 zmian\u0119 paradygmatu. Tak, premierze Tusku, co\u015b &#8222;si\u0119 chyba zmieni\u0142o\u201d. 80 lat sojuszu Ameryki z woln\u0105 Europ\u0105 posz\u0142o si\u0119 buja\u0107. Przed nami &#8222;ciemno\u015b\u0107, w kt\u00f3rej demokracja umiera\u201d.<\/p>\n\n\n\n<p>Z Polsk\u0105 dokument obchodzi si\u0119 ostro\u017cnie, bo widzi w niej protrumpistowski potencja\u0142, jak w W\u0119grzech Orb\u00e1na. S\u0142usznie, bo PiS z Nawrockim nie kryj\u0105 fascynacji i nadziei zwi\u0105zanej z Trumpem jako or\u0119downikiem takiej wolno\u015bci i suwerenno\u015bci, o jakiej marz\u0105, czyli wy\u0142\u0105cznie pod ich zarz\u0105dem. Polska Tuska to dla nich czyste z\u0142o. Trump stawia na Polsk\u0119 Nawrockiego i tylko na ni\u0105. Polsk\u0119 Tuska pomo\u017ce zlikwidowa\u0107.<\/p>\n\n\n\n<p>Na razie jednak rz\u0105d Tuska funkcjonuje, w sonda\u017cach jego partia prowadzi. Podobnie jak opozycja na W\u0119grzech, a w samych Stanach entuzjazm Trumpem s\u0142abnie, cho\u0107 niekoniecznie trumpizmem. Przyw\u00f3dcy Wielkiej Brytanii, Francji \u2013 dwu europejskich pot\u0119g atomowych &#8211; i Niemiec potwierdzili w Londynie, \u017ce nadal stoj\u0105 po stronie Ukrainy. Czekamy na stanowisko NATO, Komisji i Rady Europejskiej i parlamentu UE.<\/p>\n\n\n\n<p>G\u0142\u00f3wne opiniotw\u00f3rcze dzienniki europejskie ju\u017c stanowisko zaj\u0119\u0142y: Europa ma problem z Ameryk\u0105 Trumpa. Jest \u017ale, ale nie beznadziejnie. Powstaje szansa na g\u0142\u0119bok\u0105 rewizj\u0119 strategii europejskiej, przepracowanie kompleksu ni\u017cszo\u015bci wzgl\u0119dem Ameryki, acz bez zrywania z ni\u0105 egzystencjalnej wi\u0119zi. Na Trumpie Ameryka si\u0119 nie ko\u0144czy. D\u0142u\u017cej klasztora ni\u017c przeora.<\/p>\n","protected":false},"excerpt":{"rendered":"<p>Przez pierwsze dni po upublicznieniu &#8222;narodowej strategii bezpiecze\u0144stwa\u201d Bia\u0142ego Domu Trumpa tylko szef polskiego rz\u0105du zareagowa\u0142 na ten dokument, inni liderzy Unii Europejskiej i sama Ursula von der Leyen milczeli. Powsta\u0142o fatalne wra\u017cenie, \u017ce Tusk wyrwa\u0142 si\u0119 przed szereg, a Unia nie wie, co odpowiedzie\u0107 administracji Trumpa.<\/p>\n","protected":false},"author":3,"featured_media":0,"comment_status":"open","ping_status":"closed","sticky":false,"template":"","format":"standard","meta":{"footnotes":""},"categories":[1],"tags":[],"_links":{"self":[{"href":"https:\/\/blog.polityka.pl\/szostkiewicz\/wp-json\/wp\/v2\/posts\/17493"}],"collection":[{"href":"https:\/\/blog.polityka.pl\/szostkiewicz\/wp-json\/wp\/v2\/posts"}],"about":[{"href":"https:\/\/blog.polityka.pl\/szostkiewicz\/wp-json\/wp\/v2\/types\/post"}],"author":[{"embeddable":true,"href":"https:\/\/blog.polityka.pl\/szostkiewicz\/wp-json\/wp\/v2\/users\/3"}],"replies":[{"embeddable":true,"href":"https:\/\/blog.polityka.pl\/szostkiewicz\/wp-json\/wp\/v2\/comments?post=17493"}],"version-history":[{"count":3,"href":"https:\/\/blog.polityka.pl\/szostkiewicz\/wp-json\/wp\/v2\/posts\/17493\/revisions"}],"predecessor-version":[{"id":17497,"href":"https:\/\/blog.polityka.pl\/szostkiewicz\/wp-json\/wp\/v2\/posts\/17493\/revisions\/17497"}],"wp:attachment":[{"href":"https:\/\/blog.polityka.pl\/szostkiewicz\/wp-json\/wp\/v2\/media?parent=17493"}],"wp:term":[{"taxonomy":"category","embeddable":true,"href":"https:\/\/blog.polityka.pl\/szostkiewicz\/wp-json\/wp\/v2\/categories?post=17493"},{"taxonomy":"post_tag","embeddable":true,"href":"https:\/\/blog.polityka.pl\/szostkiewicz\/wp-json\/wp\/v2\/tags?post=17493"}],"curies":[{"name":"wp","href":"https:\/\/api.w.org\/{rel}","templated":true}]}}