
{"id":17586,"date":"2026-01-17T16:49:15","date_gmt":"2026-01-17T15:49:15","guid":{"rendered":"https:\/\/blog.polityka.pl\/szostkiewicz\/?p=17586"},"modified":"2026-01-17T19:06:27","modified_gmt":"2026-01-17T18:06:27","slug":"czy-wybacza-holowni","status":"publish","type":"post","link":"https:\/\/blog.polityka.pl\/szostkiewicz\/2026\/01\/17\/czy-wybacza-holowni\/","title":{"rendered":"Czy wybacz\u0105 Ho\u0142owni?"},"content":{"rendered":"\n<p>Najbardziej ucieszy\u0142by mnie wyb\u00f3r Ryszarda Petru na nast\u0119pc\u0119 Ho\u0142owni. Ale nie zdoby\u0142 dostatecznej liczby g\u0142os\u00f3w w wewn\u0119trznych wyborach, kt\u00f3re i tak sko\u0144czy\u0142y si\u0119 kompromitacj\u0105. Wci\u0105\u017c jednak mo\u017cna t\u0119 katastrof\u0119 naprawi\u0107. I to jest dla mnie wa\u017cniejsze ni\u017c to, kto ostatecznie nast\u0105pi po Ho\u0142owni.<\/p>\n\n\n\n<!--more-->\n\n\n\n<p>Guru od polityki m\u00f3wi\u0105 do\u015b\u0107 zgodnym g\u0142osem, \u017ce rozpad ugrupowania, kt\u00f3re Ho\u0142ownia za\u0142o\u017cy\u0142 i porzuci\u0142, grozi rozpadem koalicji rz\u0105dz\u0105cej. A jej rozpad grozi doj\u015bciem do w\u0142adzy prawicy pisowskiej w przymierzu ze skrajn\u0105 w przysz\u0142orocznych wyborach parlamentarnych, a mo\u017ce i wcze\u015bniej.<\/p>\n\n\n\n<p>Ten czarny dla demokrat\u00f3w scenariusz nie musi si\u0119 spe\u0142ni\u0107. \u017beby si\u0119 nie spe\u0142ni\u0142, ugrupowanie Ho\u0142owni musi si\u0119 ogarn\u0105\u0107. Wybra\u0107 nowego lidera wyra\u017an\u0105 wi\u0119kszo\u015bci\u0105 g\u0142os\u00f3w, wybra\u0107 nowe w\u0142adze naczelne, odbudowa\u0107 struktury lokalne.<\/p>\n\n\n\n<p>Polska 2050 wci\u0105\u017c ma potencja\u0142. Skupi\u0142a sporo ciekawych i zdolnych ludzi, od\u015bwie\u017cy\u0142a polsk\u0105 polityk\u0119. Uleg\u0142a fa\u0142szywej mantrze symetryst\u00f3w o &#8222;duopolu&#8221;, ale zaczyna\u0142a obiecuj\u0105co na poziomie kilkunastoprocentowego poparcia, nie powinna dokona\u0107 \u017cywota jako partia kanapowa. Ministrowie z P2025 nauczyli si\u0119, \u017ce rz\u0105dzenie jest trudniejsze ni\u017c has\u0142a wiecowe i wymaga kompromis\u00f3w. Ale po katastrofie wybor\u00f3w wewn\u0119trznych szanse na ogarni\u0119cie si\u0119 w formacji niestety malej\u0105.<\/p>\n\n\n\n<p>Powr\u00f3t Ho\u0142owni, najwi\u0119kszego rozczarowania w koalicji rz\u0105dz\u0105cej, raczej nie pomo\u017ce. Mo\u017cna tylko mie\u0107 nadziej\u0119, \u017ce po nadci\u0105gaj\u0105cym rozpadzie formacji jej pos\u0142owie i pos\u0142anki nie machn\u0105 r\u0119k\u0105 na koalicj\u0119 i nie przejd\u0105 w znacznej liczbie do opozycji.<\/p>\n\n\n\n<p>Na razie ma ona nadal do\u015b\u0107 bezpieczn\u0105 wi\u0119kszo\u015b\u0107 w parlamencie, a Koalicja Obywatelska ustabilizowa\u0142a si\u0119 jako lider w sonda\u017cach poparcia dla partii politycznych.<\/p>\n\n\n\n<p>Warunkiem koniecznym, aby mog\u0142a wygra\u0107 w przysz\u0142ym roku i utworzy\u0107 rz\u0105d, jest lojalno\u015b\u0107 jej partner\u00f3w. Wygl\u0105da na to, \u017ce na Czarzastego Tusk mo\u017ce liczy\u0107 i zapewne r\u00f3wnie\u017c na Kosiniaka-Kamysza. Co do lojalno\u015bci Ho\u0142owni, to od czasu nieszcz\u0119snych wybor\u00f3w prezydenckich &#8211; w kt\u00f3rych mocowa\u0142 si\u0119 bez sensu z Trzaskowskim &#8211; takiej pewno\u015bci, \u017ce b\u0119dzie lojalny wzgl\u0119dem Tuska, zdecydowanie nie ma.\u00a0Nigdy zreszt\u0105 ich relacje osobiste nie si\u0119gn\u0119\u0142y nawet &#8222;szorstkiej przyja\u017ani&#8221;. To si\u0119 odbi\u0142o negatywnie na pierwszej po\u0142owie kadencji demokrat\u00f3w.<\/p>\n\n\n\n<p>Ho\u0142ownia brylowa\u0142 jako marsza\u0142ek Sejmu, ale jak d\u0142ugo mo\u017cna brylowa\u0107 w powa\u017cnej polityce? Z &#8222;sejmfliksa&#8221; wyl\u0105dowa\u0142 w prokuraturze, by wyja\u015bni\u0107 sw\u0105 wrzutk\u0119 o szykowanym rzekomo zamachu stanu, maj\u0105cym zablokowa\u0107 obj\u0119cie urz\u0119du prezydenta przez Nawrockiego. To by\u0142 szczyt nieodpowiedzialno\u015bci drugiej osoby w pa\u0144stwie. Albo si\u0119 przedstawia dowody, albo gryzie si\u0119 w j\u0119zyk.<\/p>\n\n\n\n<p>Ho\u0142ownia widzia\u0142 siebie w roli prezydenta b\u0105d\u017a premiera, na koniec w roli wysokiego komisarza do spraw uchod\u017ac\u00f3w, czyli jego ambicje przenios\u0142y si\u0119 na szczebel globalny. I te same ambicje doprowadzi\u0142y go do serii powa\u017cnych b\u0142\u0119d\u00f3w politycznych &#8211; nocna pogaw\u0119dka z Kaczy\u0144skim u Bielana &#8211; i politycznych pora\u017cek. Roztrwoni\u0142 dorobek w\u0142asny i swej formacji. Czy jego partia mu przebaczy?<\/p>\n","protected":false},"excerpt":{"rendered":"<p>Najbardziej ucieszy\u0142by mnie wyb\u00f3r Ryszarda Petru na nast\u0119pc\u0119 Ho\u0142owni. Ale nie zdoby\u0142 dostatecznej liczby g\u0142os\u00f3w w wewn\u0119trznych wyborach, kt\u00f3re i tak sko\u0144czy\u0142y si\u0119 kompromitacj\u0105. Wci\u0105\u017c jednak mo\u017cna t\u0119 katastrof\u0119 naprawi\u0107. I to jest dla mnie wa\u017cniejsze ni\u017c to, kto ostatecznie nast\u0105pi po Ho\u0142owni.<\/p>\n","protected":false},"author":3,"featured_media":0,"comment_status":"open","ping_status":"closed","sticky":false,"template":"","format":"standard","meta":{"footnotes":""},"categories":[1],"tags":[],"_links":{"self":[{"href":"https:\/\/blog.polityka.pl\/szostkiewicz\/wp-json\/wp\/v2\/posts\/17586"}],"collection":[{"href":"https:\/\/blog.polityka.pl\/szostkiewicz\/wp-json\/wp\/v2\/posts"}],"about":[{"href":"https:\/\/blog.polityka.pl\/szostkiewicz\/wp-json\/wp\/v2\/types\/post"}],"author":[{"embeddable":true,"href":"https:\/\/blog.polityka.pl\/szostkiewicz\/wp-json\/wp\/v2\/users\/3"}],"replies":[{"embeddable":true,"href":"https:\/\/blog.polityka.pl\/szostkiewicz\/wp-json\/wp\/v2\/comments?post=17586"}],"version-history":[{"count":6,"href":"https:\/\/blog.polityka.pl\/szostkiewicz\/wp-json\/wp\/v2\/posts\/17586\/revisions"}],"predecessor-version":[{"id":17594,"href":"https:\/\/blog.polityka.pl\/szostkiewicz\/wp-json\/wp\/v2\/posts\/17586\/revisions\/17594"}],"wp:attachment":[{"href":"https:\/\/blog.polityka.pl\/szostkiewicz\/wp-json\/wp\/v2\/media?parent=17586"}],"wp:term":[{"taxonomy":"category","embeddable":true,"href":"https:\/\/blog.polityka.pl\/szostkiewicz\/wp-json\/wp\/v2\/categories?post=17586"},{"taxonomy":"post_tag","embeddable":true,"href":"https:\/\/blog.polityka.pl\/szostkiewicz\/wp-json\/wp\/v2\/tags?post=17586"}],"curies":[{"name":"wp","href":"https:\/\/api.w.org\/{rel}","templated":true}]}}