
{"id":17610,"date":"2026-01-25T17:43:23","date_gmt":"2026-01-25T16:43:23","guid":{"rendered":"https:\/\/blog.polityka.pl\/szostkiewicz\/?p=17610"},"modified":"2026-01-26T10:55:21","modified_gmt":"2026-01-26T09:55:21","slug":"dobrzy-samarytanie","status":"publish","type":"post","link":"https:\/\/blog.polityka.pl\/szostkiewicz\/2026\/01\/25\/dobrzy-samarytanie\/","title":{"rendered":"Dobrzy Samarytanie"},"content":{"rendered":"\n<p>Na pogodn\u0105 nut\u0119, bo &#8222;gra&#8221;, czyli zbiera wolne datki na ulicach i elektronicznie, Orkiestra Owsiaka, spo\u0142eczno-dobroczynne dzie\u0142o bez precedensu w historii Polski, a mo\u017ce i szerzej. Zawsze zastanawiam si\u0119, jak to z nami naprawd\u0119 jest, skoro rok w rok WO\u015aP bije kolejne rekordy i zasila kolejn\u0105 specjalno\u015b\u0107 w chronicznie niedoinwestowanej publicznej s\u0142u\u017cbie zdrowia: mo\u017ce nie tak \u017ale?<\/p>\n\n\n\n<!--more-->\n\n\n\n<p>Bo przecie\u017c ta sama Orkiestra od pocz\u0105tku jest zwalczana, i to bezlito\u015bnie, przez wyznaj\u0105cych\u00a0&#8222;opcj\u0119 na rzecz ubogich&#8221; ksi\u0119\u017cy katolickich i prawicowe \u015brodowiska polityczne. W chrze\u015bcija\u0144stwie &#8222;dobry Samarytanin&#8221; powinien by\u0107 chwalony i podawany za przyk\u0142ad, cho\u0107by i niereligijny.\u00a0<\/p>\n\n\n\n<p>Empatia, gotowo\u015b\u0107 do pomocy bli\u017anim to warto\u015b\u0107 uniwersalna, ponad r\u00f3\u017cnicami \u015bwiatopogl\u0105dowymi i sympatiami politycznymi. Przynajmniej tak by si\u0119 wydawa\u0142o i tego by si\u0119 pragn\u0119\u0142o, szczeg\u00f3lnie w dzisiejszych czasach, kiedy Trump z Putinem maj\u0105 nam zapewni\u0107 wiekuisty pok\u00f3j i dobrobyt.<\/p>\n\n\n\n<p>Drugim buduj\u0105cym zaskoczeniem by\u0142a dla mnie zbi\u00f3rka na pomoc dla zmarzni\u0119tej i wci\u0105\u017c bezlito\u015bnie atakowanej przez Rosj\u0119 Ukrainy. W ci\u0105gu kilku dni zebrano w Polsce kilka milion\u00f3w na zakup agregat\u00f3w ciep\u0142a. Do akcji w\u0142\u0105czy\u0142 si\u0119 kard. Ry\u015b. A przecie\u017c wszyscy wiemy, \u017ce nastroje antyukrai\u0144skie s\u0105 u nas z sukcesem podsycane przez polsk\u0105 skrajn\u0105 prawic\u0119 i V kolumn\u0119 Putina. By\u0107 mo\u017ce nie jest z nami tak \u017ale.<\/p>\n","protected":false},"excerpt":{"rendered":"<p>Na pogodn\u0105 nut\u0119, bo &#8222;gra&#8221;, czyli zbiera wolne datki na ulicach i elektronicznie, Orkiestra Owsiaka, spo\u0142eczno-dobroczynne dzie\u0142o bez precedensu w historii Polski, a mo\u017ce i szerzej. Zawsze zastanawiam si\u0119, jak to z nami naprawd\u0119 jest, skoro rok w rok WO\u015aP bije kolejne rekordy i zasila kolejn\u0105 specjalno\u015b\u0107 w chronicznie niedoinwestowanej publicznej s\u0142u\u017cbie zdrowia: mo\u017ce nie [&hellip;]<\/p>\n","protected":false},"author":3,"featured_media":0,"comment_status":"open","ping_status":"closed","sticky":false,"template":"","format":"standard","meta":{"footnotes":""},"categories":[1],"tags":[],"_links":{"self":[{"href":"https:\/\/blog.polityka.pl\/szostkiewicz\/wp-json\/wp\/v2\/posts\/17610"}],"collection":[{"href":"https:\/\/blog.polityka.pl\/szostkiewicz\/wp-json\/wp\/v2\/posts"}],"about":[{"href":"https:\/\/blog.polityka.pl\/szostkiewicz\/wp-json\/wp\/v2\/types\/post"}],"author":[{"embeddable":true,"href":"https:\/\/blog.polityka.pl\/szostkiewicz\/wp-json\/wp\/v2\/users\/3"}],"replies":[{"embeddable":true,"href":"https:\/\/blog.polityka.pl\/szostkiewicz\/wp-json\/wp\/v2\/comments?post=17610"}],"version-history":[{"count":3,"href":"https:\/\/blog.polityka.pl\/szostkiewicz\/wp-json\/wp\/v2\/posts\/17610\/revisions"}],"predecessor-version":[{"id":17615,"href":"https:\/\/blog.polityka.pl\/szostkiewicz\/wp-json\/wp\/v2\/posts\/17610\/revisions\/17615"}],"wp:attachment":[{"href":"https:\/\/blog.polityka.pl\/szostkiewicz\/wp-json\/wp\/v2\/media?parent=17610"}],"wp:term":[{"taxonomy":"category","embeddable":true,"href":"https:\/\/blog.polityka.pl\/szostkiewicz\/wp-json\/wp\/v2\/categories?post=17610"},{"taxonomy":"post_tag","embeddable":true,"href":"https:\/\/blog.polityka.pl\/szostkiewicz\/wp-json\/wp\/v2\/tags?post=17610"}],"curies":[{"name":"wp","href":"https:\/\/api.w.org\/{rel}","templated":true}]}}