
{"id":17653,"date":"2026-03-07T16:50:01","date_gmt":"2026-03-07T15:50:01","guid":{"rendered":"https:\/\/blog.polityka.pl\/szostkiewicz\/?p=17653"},"modified":"2026-03-13T23:51:19","modified_gmt":"2026-03-13T22:51:19","slug":"a-wiec-czarnek-czyli-kiedy-partie-traca-dusze","status":"publish","type":"post","link":"https:\/\/blog.polityka.pl\/szostkiewicz\/2026\/03\/07\/a-wiec-czarnek-czyli-kiedy-partie-traca-dusze\/","title":{"rendered":"A wi\u0119c Czarnek, czyli kiedy partie trac\u0105 dusz\u0119"},"content":{"rendered":"\n<p>Ale tym razem zaskoczenie jest inne: nominacja Czarnka to dow\u00f3d, \u017ce talia Kaczy\u0144skiego by\u0142a kr\u00f3tka. Zdecydowa\u0142 si\u0119 na powr\u00f3t do przesz\u0142o\u015bci, co z kolei dowodzi, \u017ce PiS jest zagro\u017cony egzystencjalnie. Bo Czarnek to policzek dla Morawieckiego. Kaczy\u0144ski chce leczy\u0107 d\u017cum\u0119 choler\u0105.<\/p>\n\n\n\n<!--more-->\n\n\n\n<p>A przecie\u017c walki frakcyjne zaczynaj\u0105 si\u0119 zwykle, kiedy partia polityczna traci sw\u0105 dusz\u0119. Czyli to\u017csamo\u015b\u0107 i sp\u00f3jny przekaz do w\u0142asnego elektoratu. I tu jest sedno sprawy. Najnowszy przyk\u0142ad partii, kt\u00f3re trac\u0105 dusz\u0119, a wskutek tego popadaj\u0105 w konflikty wewn\u0119trzne zapowiadaj\u0105ce roz\u0142am i upadek, to PiS &#8222;ma\u015blarzy&#8221; i &#8222;harcerzy&#8221; oraz naturalnie sklecone napr\u0119dce ugrupowanie Ho\u0142owni. Rola lider\u00f3w w tym agonalnym procesie jest szczeg\u00f3lnie diagnostyczna.<\/p>\n\n\n\n<p>Gdy Kaczy\u0144ski publicznie zakazuje wynoszenia partyjnych brud\u00f3w, w tym przypadku pr\u00f3by defenestracji Morawieckiego, nie mo\u017ce liczy\u0107, \u017ce go w PiS pos\u0142uchaj\u0105, bo konflikt zaszed\u0142 za daleko, a Kaczy\u0144ski interweniowa\u0142 za p\u00f3\u017ano. Tak samo z Ho\u0142owni\u0105: gdy za\u0142o\u017cyciel dezerteruje, zamiast zaci\u0105gn\u0105\u0107 cugle, jest po wszystkim. Etap rozpadu poprzedza zej\u015bcie ze sceny raz na zawsze. Elektorat widzi, \u017ce &#8222;dusza z cia\u0142a ulecia\u0142a&#8221; i zaczyna si\u0119 rozgl\u0105da\u0107 na boki w poszukiwaniu czego\u015b innego. <br \/><br \/>By\u0142o du\u017co spekulacji, kogo Kaczy\u0144ski wystawi na premiera po wyborach w przysz\u0142ym roku. Takie przymiarki media i komentariat lubi\u0105, lecz ko\u0144cz\u0105 si\u0119 zwykle jak spekulacje przed konklawe. Nie przewidziano ani Franciszka, ani Leona. Nie przewidziano, \u017ce Kaczy\u0144ski postawi na przesz\u0142o\u015b\u0107, czyli na Czarnka.<\/p>\n\n\n\n<p>Kalkulacja by\u0142a niby sprytna: profesor prawa z KUL z niewyparzon\u0105 g\u0119b\u0105, wr\u00f3g &#8222;lewactwa&#8221; w Polsce i Brukseli. Ale to wygl\u0105da na rozpaczliwy ruch w celu zatrzymania odp\u0142ywu pisowskiego elektoratu do skrajnej prawicy. Ruch wymuszony l\u0119kiem przed roz\u0142amem w partii. Tyle \u017ce to ma\u0142o obchodzi elektorat, kt\u00f3ry widzi, s\u0142yszy i wyczuwa, \u017ce PiS traci dusz\u0119.<\/p>\n","protected":false},"excerpt":{"rendered":"<p>Ale tym razem zaskoczenie jest inne: nominacja Czarnka to dow\u00f3d, \u017ce talia Kaczy\u0144skiego by\u0142a kr\u00f3tka. Zdecydowa\u0142 si\u0119 na powr\u00f3t do przesz\u0142o\u015bci, co z kolei dowodzi, \u017ce PiS jest zagro\u017cony egzystencjalnie. Bo Czarnek to policzek dla Morawieckiego. Kaczy\u0144ski chce leczy\u0107 d\u017cum\u0119 choler\u0105.<\/p>\n","protected":false},"author":3,"featured_media":0,"comment_status":"open","ping_status":"closed","sticky":false,"template":"","format":"standard","meta":{"footnotes":""},"categories":[1],"tags":[],"_links":{"self":[{"href":"https:\/\/blog.polityka.pl\/szostkiewicz\/wp-json\/wp\/v2\/posts\/17653"}],"collection":[{"href":"https:\/\/blog.polityka.pl\/szostkiewicz\/wp-json\/wp\/v2\/posts"}],"about":[{"href":"https:\/\/blog.polityka.pl\/szostkiewicz\/wp-json\/wp\/v2\/types\/post"}],"author":[{"embeddable":true,"href":"https:\/\/blog.polityka.pl\/szostkiewicz\/wp-json\/wp\/v2\/users\/3"}],"replies":[{"embeddable":true,"href":"https:\/\/blog.polityka.pl\/szostkiewicz\/wp-json\/wp\/v2\/comments?post=17653"}],"version-history":[{"count":7,"href":"https:\/\/blog.polityka.pl\/szostkiewicz\/wp-json\/wp\/v2\/posts\/17653\/revisions"}],"predecessor-version":[{"id":17680,"href":"https:\/\/blog.polityka.pl\/szostkiewicz\/wp-json\/wp\/v2\/posts\/17653\/revisions\/17680"}],"wp:attachment":[{"href":"https:\/\/blog.polityka.pl\/szostkiewicz\/wp-json\/wp\/v2\/media?parent=17653"}],"wp:term":[{"taxonomy":"category","embeddable":true,"href":"https:\/\/blog.polityka.pl\/szostkiewicz\/wp-json\/wp\/v2\/categories?post=17653"},{"taxonomy":"post_tag","embeddable":true,"href":"https:\/\/blog.polityka.pl\/szostkiewicz\/wp-json\/wp\/v2\/tags?post=17653"}],"curies":[{"name":"wp","href":"https:\/\/api.w.org\/{rel}","templated":true}]}}