
{"id":17659,"date":"2026-03-10T18:55:37","date_gmt":"2026-03-10T17:55:37","guid":{"rendered":"https:\/\/blog.polityka.pl\/szostkiewicz\/?p=17659"},"modified":"2026-03-13T23:38:13","modified_gmt":"2026-03-13T22:38:13","slug":"graja-w-bambuko","status":"publish","type":"post","link":"https:\/\/blog.polityka.pl\/szostkiewicz\/2026\/03\/10\/graja-w-bambuko\/","title":{"rendered":"Graj\u0105 w bambuko"},"content":{"rendered":"\n<p>W pa\u0142acu Nawrockiego postanowiono uprawia\u0107 kuglarstwo. Przeci\u0105gaj\u0105 og\u0142oszenie decyzji ws. unijnego SAFE, zg\u0142aszaj\u0105 plan alternatywny, kt\u00f3ry podoba si\u0119 Kaczy\u0144skiemu, cho\u0107 nie wi\u0119kszo\u015bci spo\u0142ecze\u0144stwa. A przecie\u017c szkoda ka\u017cdego dnia tej kuglarskiej zw\u0142oki.<\/p>\n\n\n\n<!--more-->\n\n\n\n<p>Ich obchodzi tylko jedno: odzyskanie w\u0142adzy po trupie Tuska. Skoro rz\u0105d Tuska co\u015b proponuje, oni musz\u0105 z wetomatu propozycj\u0119 odrzuci\u0107. To \u0142\u0105czy &#8222;trzy konfederacje&#8221;: PiS, Mentzena z Bosakiem i braunist\u00f3w. Si\u0142a z\u0142ego na jednego, a w Polsce jak kto chce. Nawrocki wykonuje etapami rozkaz Kaczy\u0144skiego: odrzuci\u0107 unijny SAFE, program realnego wzmocnienia bezpiecze\u0144stwa Polski. Zablokowa\u0107 go, cho\u0107 przyj\u0105\u0142 go nawet antybrukselski i prorosyjski rz\u0105d Orb\u00e1na.<\/p>\n\n\n\n<p> C\u00f3\u017c, nie chodzi\u0142o o Polsk\u0119 w epoce Sejmu Wielkiego, tylko o utrzymanie przywilej\u00f3w szlacheckiej klasy pr\u00f3\u017cniaczej, \u00f3wczesnej oligarchii arystokratycznej w przymierzu z \u00f3wczesn\u0105 Rosj\u0105. Dzi\u015b te\u017c nie chodzi im o Polsk\u0119, tylko o odzyskanie pe\u0142nej kontroli nad pa\u0144stwem polskim, by mogli swobodnie uprawia\u0107 prywat\u0119 pod p\u0142aszczykiem jedynych prawdziwych patriot\u00f3w i obro\u0144c\u00f3w niepodleg\u0142o\u015bci. Gra idzie o w\u0142adz\u0119 totaln\u0105 nad pa\u0144stwem i nad spo\u0142ecze\u0144stwem. <\/p>\n\n\n\n<p>S\u0105 dwie przeszkody na tej rozb\u00f3jnickiej drodze: rz\u0105d Tuska i jego lojalno\u015b\u0107 wzgl\u0119dem Unii Europejskiej. Dlatego chc\u0105 rozbi\u0107 koalicj\u0119 rz\u0105dz\u0105c\u0105 i wyprowadzi\u0107 Polsk\u0119 z UE. Te cele s\u0105 zbie\u017cne z agend\u0105 Trumpa, lecz rozbie\u017cne z interesem narodowym Rzeczypospolitej. <\/p>\n\n\n\n<p>Nie jeste\u015bmy superpot\u0119g\u0105, musimy gra\u0107 na wielu fortepianach. A przede wszystkim na europejskim i ameryka\u0144skim. To w epoce Trumpa i wzmo\u017cenia skrajnej prawicy oraz wojny w Ukrainie i na Bliskim Wschodzie wymaga zr\u0119czno\u015bci dyplomatycznej i umiej\u0119tnego lawirowania. Nieustanne podwa\u017canie przez trzy konfederacje polityki rz\u0105du dodatkowo utrudnia sytuacj\u0119 Polski. Rosja Putina odgrywa zn\u00f3w rol\u0119 z czas\u00f3w Targowicy, co anga\u017cuje si\u0142y i \u015brodki pa\u0144stwa polskiego.<\/p>\n\n\n\n<p>Unijny program SAFE w takim kontek\u015bcie jest nie tylko racjonalny, lecz i przysz\u0142o\u015bciowy. T\u0142umaczy to od rana do wieczora koalicja demokratyczna, ekonomi\u015bci, wojskowi, specjali\u015bci od zbrojeni\u00f3wki, jej kapitanowie, biznesowi kooperanci. Co z tego, kiedy trzy konfederacje nie mog\u0105 prze\u0142kn\u0105\u0107, \u017ce stoi za tym programem wysi\u0142ek rz\u0105du Tuska. Tym sukcesem Tusk i jego koalicjanci, na czele z PSL, mogliby si\u0119 chwali\u0107 w kampanii wyborczej, zgroza! <\/p>\n\n\n\n<p>Co dalej? Wi\u0119cej tego samego, czyli duszenia koalicji demokratycznej wszelkimi sposobami i pod ka\u017cdym pretekstem. R\u0119kami Nawrockiego i Czarnka. Do skutku. Wbrew wszelkim rzeczowym argumentom. Czysta, brudna, antynarodowa polityka rodem z ksi\u0105g polskiej g\u0142upoty i ha\u0144by.<\/p>\n","protected":false},"excerpt":{"rendered":"<p>W pa\u0142acu Nawrockiego postanowiono uprawia\u0107 kuglarstwo. Przeci\u0105gaj\u0105 og\u0142oszenie decyzji ws. unijnego SAFE, zg\u0142aszaj\u0105 plan alternatywny, kt\u00f3ry podoba si\u0119 Kaczy\u0144skiemu, cho\u0107 nie wi\u0119kszo\u015bci spo\u0142ecze\u0144stwa. A przecie\u017c szkoda ka\u017cdego dnia tej kuglarskiej zw\u0142oki.<\/p>\n","protected":false},"author":3,"featured_media":0,"comment_status":"open","ping_status":"closed","sticky":false,"template":"","format":"standard","meta":{"footnotes":""},"categories":[1],"tags":[],"_links":{"self":[{"href":"https:\/\/blog.polityka.pl\/szostkiewicz\/wp-json\/wp\/v2\/posts\/17659"}],"collection":[{"href":"https:\/\/blog.polityka.pl\/szostkiewicz\/wp-json\/wp\/v2\/posts"}],"about":[{"href":"https:\/\/blog.polityka.pl\/szostkiewicz\/wp-json\/wp\/v2\/types\/post"}],"author":[{"embeddable":true,"href":"https:\/\/blog.polityka.pl\/szostkiewicz\/wp-json\/wp\/v2\/users\/3"}],"replies":[{"embeddable":true,"href":"https:\/\/blog.polityka.pl\/szostkiewicz\/wp-json\/wp\/v2\/comments?post=17659"}],"version-history":[{"count":7,"href":"https:\/\/blog.polityka.pl\/szostkiewicz\/wp-json\/wp\/v2\/posts\/17659\/revisions"}],"predecessor-version":[{"id":17675,"href":"https:\/\/blog.polityka.pl\/szostkiewicz\/wp-json\/wp\/v2\/posts\/17659\/revisions\/17675"}],"wp:attachment":[{"href":"https:\/\/blog.polityka.pl\/szostkiewicz\/wp-json\/wp\/v2\/media?parent=17659"}],"wp:term":[{"taxonomy":"category","embeddable":true,"href":"https:\/\/blog.polityka.pl\/szostkiewicz\/wp-json\/wp\/v2\/categories?post=17659"},{"taxonomy":"post_tag","embeddable":true,"href":"https:\/\/blog.polityka.pl\/szostkiewicz\/wp-json\/wp\/v2\/tags?post=17659"}],"curies":[{"name":"wp","href":"https:\/\/api.w.org\/{rel}","templated":true}]}}