
{"id":17665,"date":"2026-03-12T16:58:13","date_gmt":"2026-03-12T15:58:13","guid":{"rendered":"https:\/\/blog.polityka.pl\/szostkiewicz\/?p=17665"},"modified":"2026-03-13T23:33:29","modified_gmt":"2026-03-13T22:33:29","slug":"ostatnie-ostrzezenie","status":"publish","type":"post","link":"https:\/\/blog.polityka.pl\/szostkiewicz\/2026\/03\/12\/ostatnie-ostrzezenie\/","title":{"rendered":"Ostatnie ostrze\u017cenie"},"content":{"rendered":"\n<p>Wiele ciekawych rzeczy o nieciekawym odnalezieniu drona pod Koninem s\u0142yszymy w telewizjach newsowych. Dla mnie mora\u0142 jest jeden: ka\u017cdy dzie\u0144 zw\u0142oki z przyj\u0119ciem unijnego programu SAFE jest nara\u017caniem naszego bezpiecze\u0144stwa.<\/p>\n\n\n\n<!--more-->\n\n\n\n<p>P\u0142k Derlatka, by\u0142y szef wywiadu,\u00a0i gen. Komornicki\u00a0ze Sztabu Generalnego zwracaj\u0105 uwag\u0119 na kwesti\u0119 kluczow\u0105: jaka\u00a0jest realna zdolno\u015b\u0107 naszego wojska do skutecznej obrony kraju? Mamy przecie\u017c wojska dronowe, radary, baterie pocisk\u00f3w, mamy lotnictwo strzeg\u0105ce polskiego nieba, a jednak drony ze wschodu wlecia\u0142y ju\u017c raz na nasze terytorium.\u00a0<\/p>\n\n\n\n<p>By\u0107 mo\u017ce ten odnaleziony na terenie kopalni w\u0119gla brunatnego by\u0142 jednym z ataku w ubieg\u0142ym wrze\u015bniu. Jak to jednak mo\u017cliwe, \u017ce przez p\u00f3\u0142 roku le\u017ca\u0142 tam niezauwa\u017cony?&nbsp;<\/p>\n\n\n\n<p>Wspomniani panowie zwr\u00f3cili te\u017c uwag\u0119 na tragiczne skutki uwik\u0142ania bezpiecze\u0144stwa w bie\u017c\u0105c\u0105 polityk\u0119. Politycy si\u0119 k\u0142\u00f3c\u0105, spo\u0142ecze\u0144stwo jest zdezorientowane, Rosja i Bia\u0142oru\u015b, a mo\u017ce i Iran zacieraj\u0105 r\u0119ce. Nic nie skutkuj\u0105 wezwania do zaprzestania tych spor\u00f3w i podpisania SAFE przez Nawrockiego. Przeciwnie, zg\u0142aszaj\u0105c sw\u00f3j projekt programu alternatywnego, ekipa Nawrockiego wesp\u00f3\u0142 z prezesem NBP i ze szczuj\u0105cym Kaczy\u0144skim pog\u0142\u0119biaj\u0105 dezorientacj\u0119 zaniepokojonych Polak\u00f3w. Po co? By zaostrzy\u0107 wojn\u0119 polsko-polsk\u0105. Co b\u0119dzie, gdyby kolejna fala dron\u00f3w wlecia\u0142a do naszego kraju?<\/p>\n\n\n\n<p>Jest fataln\u0105 wiadomo\u015bci\u0105, \u017ce to si\u0119 ju\u017c raz sta\u0142o, jeszcze gorsz\u0105 by\u0142by kolejny atak, nawet tylko testuj\u0105cy nasz\u0105 odporno\u015b\u0107. Nie wierz\u0119 w opami\u0119tanie prawicy. Z niepokojem czekam na wi\u0119cej informacji o dronie w kopalni. To powinno by\u0107 ostatnie ostrze\u017cenie. Trafne diagnozy wojskowych zderzaj\u0105 si\u0119 jednak z brutaln\u0105, dora\u017an\u0105 gr\u0105 prawicy i bezradno\u015bci\u0105 ludzi rozumnych, odpowiedzialnych w polityce i opinii publicznej.\u00a0<\/p>\n","protected":false},"excerpt":{"rendered":"<p>Wiele ciekawych rzeczy o nieciekawym odnalezieniu drona pod Koninem s\u0142yszymy w telewizjach newsowych. Dla mnie mora\u0142 jest jeden: ka\u017cdy dzie\u0144 zw\u0142oki z przyj\u0119ciem unijnego programu SAFE jest nara\u017caniem naszego bezpiecze\u0144stwa.<\/p>\n","protected":false},"author":3,"featured_media":0,"comment_status":"open","ping_status":"closed","sticky":false,"template":"","format":"standard","meta":{"footnotes":""},"categories":[1],"tags":[],"_links":{"self":[{"href":"https:\/\/blog.polityka.pl\/szostkiewicz\/wp-json\/wp\/v2\/posts\/17665"}],"collection":[{"href":"https:\/\/blog.polityka.pl\/szostkiewicz\/wp-json\/wp\/v2\/posts"}],"about":[{"href":"https:\/\/blog.polityka.pl\/szostkiewicz\/wp-json\/wp\/v2\/types\/post"}],"author":[{"embeddable":true,"href":"https:\/\/blog.polityka.pl\/szostkiewicz\/wp-json\/wp\/v2\/users\/3"}],"replies":[{"embeddable":true,"href":"https:\/\/blog.polityka.pl\/szostkiewicz\/wp-json\/wp\/v2\/comments?post=17665"}],"version-history":[{"count":6,"href":"https:\/\/blog.polityka.pl\/szostkiewicz\/wp-json\/wp\/v2\/posts\/17665\/revisions"}],"predecessor-version":[{"id":17673,"href":"https:\/\/blog.polityka.pl\/szostkiewicz\/wp-json\/wp\/v2\/posts\/17665\/revisions\/17673"}],"wp:attachment":[{"href":"https:\/\/blog.polityka.pl\/szostkiewicz\/wp-json\/wp\/v2\/media?parent=17665"}],"wp:term":[{"taxonomy":"category","embeddable":true,"href":"https:\/\/blog.polityka.pl\/szostkiewicz\/wp-json\/wp\/v2\/categories?post=17665"},{"taxonomy":"post_tag","embeddable":true,"href":"https:\/\/blog.polityka.pl\/szostkiewicz\/wp-json\/wp\/v2\/tags?post=17665"}],"curies":[{"name":"wp","href":"https:\/\/api.w.org\/{rel}","templated":true}]}}