
{"id":17685,"date":"2026-03-14T15:53:15","date_gmt":"2026-03-14T14:53:15","guid":{"rendered":"https:\/\/blog.polityka.pl\/szostkiewicz\/?p=17685"},"modified":"2026-03-14T15:56:10","modified_gmt":"2026-03-14T14:56:10","slug":"nie-wierze-w-polexit","status":"publish","type":"post","link":"https:\/\/blog.polityka.pl\/szostkiewicz\/2026\/03\/14\/nie-wierze-w-polexit\/","title":{"rendered":"Nie wierz\u0119 w polexit"},"content":{"rendered":"\n<p><br \/>Widmo powrotu PiS do w\u0142adzy w przymierzu z cz\u0119\u015bci\u0105 tzw. Konfederacji ma dzi\u015b twarz Czarnka. To figura odpychaj\u0105ca ideowo, politycznie i moralnie dla nieprawicy. Jednak tak samo by\u0142o po og\u0142oszeniu przez Kaczy\u0144skiego kandydatury Nawrockiego na prezydenta. Kaczy\u0144ski, cho\u0107 leciwy, co wida\u0107 i s\u0142ycha\u0107, wci\u0105\u017c trzyma stery w PiS i ma wyczucie, co w trawie piszczy. Stawia na utwardzenie swojej partii, by mog\u0142a za rok rozdawa\u0107 karty po wyborach, czyli przebiera\u0107 w ewentualnych koalicjantach, zamiast by\u0107 przystawk\u0105.&nbsp;<\/p>\n\n\n\n<p>Tzw. konfederaci niby nie kwapi\u0105 si\u0119 do koalicji z mniemanym premierem Czarnkiem na czele, ale jak przyjdzie co do czego, raczej spuszcz\u0105 z tonu. Kaczy\u0144ski wci\u0105\u017c nie toleruje w wypowiedziach Brauna, co mu oddaj\u0119. O ile pami\u0119tam, nigdy nie splami\u0142 si\u0119 w polityce si\u0119gni\u0119ciem po jawny antysemityzm, a co dopiero po k\u0142amstwo o\u015bwi\u0119cimskie. Ale co warte s\u0105 zapewnienia Kaczy\u0144skiego, powszechnie wiadomo. Kiedy\u015b powiedzia\u0142, \u017ce lepiej by\u0107 zad\u0142u\u017conym ni\u017c okupowanym, a teraz wmawia Polakom, \u017ce unijny SAFE to ,,eurokredyt\u2019\u2019 zagra\u017caj\u0105cy utrat\u0105 niepodleg\u0142o\u015bci.&nbsp;<\/p>\n\n\n\n<p>Coraz ostrzejsza antyunijna narracja PiS oparta jest na ignorancji pisowskiego elektoratu i jego wyj\u0105tkowej podatno\u015bci na teorie spiskowe.&nbsp;<\/p>\n\n\n\n<p>Nie pocieszajmy si\u0119, \u017ce w innych pa\u0144stwach unijnych, zw\u0142aszcza postkomunistycznych, jak w by\u0142ej NRD, W\u0119grzech, S\u0142owacji, Bu\u0142garii, Rumunii, a nawet w Czechach, najbardziej zlaicyzowanym spo\u0142ecze\u0144stwie w UE, mamy podobny odwr\u00f3t od konsensu liberalno-demokratycznego.&nbsp;<\/p>\n\n\n\n<p>Jeste\u015bmy Polakami, z d\u0142ug\u0105 histori\u0105 kl\u0119sk, pora\u017cek, ale i sukces\u00f3w, najnowsze przyk\u0142ady tych ostatnich to przyst\u0105pienie do Nato i Unii Europejskiej, czyli przestawienie narodowej zwrotnicy na Zach\u00f3d. No i naturalnie imponuj\u0105cy rozw\u00f3j gospodarczy i post\u0119p cywilizacyjny. Wystawiaj\u0105c najpierw Nawrockiego na prezydenta, a teraz Czarnka na premiera, Kaczy\u0144ski chce w imi\u0119 swych osobistych obsesji i kompleks\u00f3w, zmieni\u0107 kierunek jazdy. Nie tyle na wsch\u00f3d, ile w stron\u0119 katolickiego nacjonalizmu, kt\u00f3rego twarz\u0105 staje si\u0119 Nawrocki.\u00a0Tu czuje si\u0119 bezpieczny i ci\u0105gle sprawczy.<\/p>\n\n\n\n<p>Nie wierz\u0119 jednak tak do ko\u0144ca w polexit. Nie \u017ceby tego nie chcieli, ale dlatego, \u017ce si\u0119 nie odwa\u017c\u0105. To ich has\u0142o na kampani\u0119 wyborcz\u0105. Po odzyskaniu w\u0142adzy zapomnieliby o nim, cho\u0107by ze strach przed rolnikami, kt\u00f3rzy utraciliby dop\u0142aty unijne, i przed m\u0142odym pokoleniem, kt\u00f3re przywyk\u0142o do otwartych granic i wszelkich korzy\u015bci z nich p\u0142yn\u0105cych. Baliby si\u0119 te\u017c oporu przedsi\u0119biorc\u00f3w, kt\u00f3rzy robi\u0105 biznesy, korzystaj\u0105c z unijnej swobody przep\u0142ywu kapita\u0142u.&nbsp;<\/p>\n\n\n\n<p>Jest wi\u0119c dzi\u015b wcale nieoczywiste, \u017ce radykalizacja z twarz\u0105 Czarnka wystarczy PiS-owi do wygrania wybor\u00f3w i pomo\u017ce stworzy\u0107 koalicj\u0119 z tzw. konfederatami. Poci\u0105g, kt\u00f3rego maszynist\u0105 b\u0119dzie Czarnek, \u0142atwo mo\u017ce wjecha\u0107 na bocznic\u0119. Wyborcy centrowi zniesmaczeni i przera\u017ceni do niego nie wsi\u0105d\u0105. By\u0107 mo\u017ce przesi\u0105dzie si\u0119 do niego kilka procent fan\u00f3w Brauna. Za wcze\u015bnie zatem na nekrologi dla Tuska i obozu demokratycznego.&nbsp;<\/p>\n\n\n\n<p>Weto Nawrockiego przeciwko SAFE mo\u017ce te\u017c wywo\u0142a\u0107 sporo zamieszania w elektoracie, bo jego koszty dla mundurowych, zbrojeni\u00f3wki i sektora pracowniczego nie wzmocni\u0105 ani jego, ani PiS-u w oczach spo\u0142ecze\u0144stwa oczekuj\u0105cego jakiej\u015b pewno\u015bci \u017cyciowej. Gra Kaczy\u0144skiego obarczona jest du\u017cym ryzykiem.&nbsp;<\/p>\n","protected":false},"excerpt":{"rendered":"<p>Widmo powrotu PiS do w\u0142adzy w przymierzu z cz\u0119\u015bci\u0105 tzw. Konfederacji ma dzi\u015b twarz Czarnka. To figura odpychaj\u0105ca ideowo, politycznie i moralnie dla nieprawicy. Jednak tak samo by\u0142o po og\u0142oszeniu przez Kaczy\u0144skiego kandydatury Nawrockiego na prezydenta. Kaczy\u0144ski, cho\u0107 leciwy, co wida\u0107 i s\u0142ycha\u0107, wci\u0105\u017c trzyma stery w PiS i ma wyczucie, co w trawie piszczy. [&hellip;]<\/p>\n","protected":false},"author":3,"featured_media":0,"comment_status":"open","ping_status":"closed","sticky":false,"template":"","format":"standard","meta":{"footnotes":""},"categories":[1],"tags":[],"_links":{"self":[{"href":"https:\/\/blog.polityka.pl\/szostkiewicz\/wp-json\/wp\/v2\/posts\/17685"}],"collection":[{"href":"https:\/\/blog.polityka.pl\/szostkiewicz\/wp-json\/wp\/v2\/posts"}],"about":[{"href":"https:\/\/blog.polityka.pl\/szostkiewicz\/wp-json\/wp\/v2\/types\/post"}],"author":[{"embeddable":true,"href":"https:\/\/blog.polityka.pl\/szostkiewicz\/wp-json\/wp\/v2\/users\/3"}],"replies":[{"embeddable":true,"href":"https:\/\/blog.polityka.pl\/szostkiewicz\/wp-json\/wp\/v2\/comments?post=17685"}],"version-history":[{"count":3,"href":"https:\/\/blog.polityka.pl\/szostkiewicz\/wp-json\/wp\/v2\/posts\/17685\/revisions"}],"predecessor-version":[{"id":17688,"href":"https:\/\/blog.polityka.pl\/szostkiewicz\/wp-json\/wp\/v2\/posts\/17685\/revisions\/17688"}],"wp:attachment":[{"href":"https:\/\/blog.polityka.pl\/szostkiewicz\/wp-json\/wp\/v2\/media?parent=17685"}],"wp:term":[{"taxonomy":"category","embeddable":true,"href":"https:\/\/blog.polityka.pl\/szostkiewicz\/wp-json\/wp\/v2\/categories?post=17685"},{"taxonomy":"post_tag","embeddable":true,"href":"https:\/\/blog.polityka.pl\/szostkiewicz\/wp-json\/wp\/v2\/tags?post=17685"}],"curies":[{"name":"wp","href":"https:\/\/api.w.org\/{rel}","templated":true}]}}