
{"id":17781,"date":"2026-04-04T21:07:31","date_gmt":"2026-04-04T19:07:31","guid":{"rendered":"https:\/\/blog.polityka.pl\/szostkiewicz\/?p=17781"},"modified":"2026-04-05T14:18:41","modified_gmt":"2026-04-05T12:18:41","slug":"wielkanocna-eskalacja","status":"publish","type":"post","link":"https:\/\/blog.polityka.pl\/szostkiewicz\/2026\/04\/04\/wielkanocna-eskalacja\/","title":{"rendered":"Wielkanocna eskalacja"},"content":{"rendered":"\n<p>Prawos\u0142awie w Rosji i Ukrainie szykuje si\u0119 do Wielkanocy wypadaj\u0105cej w tym roku 12 kwietnia. \u015awi\u0119ta katolickie s\u0105 w tym tygodniu. Ukrai\u0144scy katolicy i grekokatolicy obchodz\u0105 je w tym samym czasie co polscy. W Wielki Pi\u0105tek Rosjanie ostrzelali Ukrain\u0119, zabijaj\u0105c kolejnych ludzi i powoduj\u0105c kolejne straty w dzielnicach mieszkaniowych. Atakowali nie noc\u0105, jak zwykle, lecz bia\u0142ego dnia. \u015awi\u0105t katolickich nie uszanowali, posiali strach przed prawos\u0142awnymi. Prezydent Ze\u0142enski m\u00f3wi o &#8222;wielkanocnej eskalacji&#8221;.<\/p>\n\n\n\n<!--more-->\n\n\n\n<p>Zaznaczy\u0142, \u017ce propozycja, aby na czas \u015bwi\u0105t zaniecha\u0107 atak\u00f3w, pozostaje ze strony ukrai\u0144skiej aktualna. <\/p>\n\n\n\n<p>Ale Moskwa raczej z oferty nie skorzysta, cho\u0107 Putin lubi si\u0119 pokazywa\u0107 w cerkwi. Prawos\u0142awie w wydaniu rosyjskim, ultrakonserwatywne, zast\u0105pi\u0142o w jego pa\u0144stwie ideologi\u0119 Marksa, Lenina i Stalina. Rosyjski patriarcha b\u0142ogos\u0142awi\u0142 &#8222;specjaln\u0105 operacj\u0119 wojskow\u0105&#8221; przeciw Ukrainie. Rosyjskie prawos\u0142awie nie uzna\u0142o samodzielno\u015bci (autokefalii) przyznanej patriotycznemu Ko\u015bcio\u0142owi Prawos\u0142awnemu Ukrainy przez honorowego zwierzchnika \u015bwiatowego prawos\u0142awia patriarch\u0119 Bart\u0142omieja urz\u0119duj\u0105cego w Stambule (dawnym Konstantynopolu, stolicy Bizancjum, kt\u00f3re upad\u0142o pod ciosami muzu\u0142man\u00f3w osma\u0144skich w XV w.). Do w\u0105tku religijnego jeszcze wr\u00f3c\u0119.<\/p>\n\n\n\n<p>Nie jest ca\u0142kiem tak, \u017ce wojna z Iranem przes\u0142oni\u0142a wojn\u0119 w Ukrainie. Media \u015bwiatowe informuj\u0105 nadal o atakach rosyjskich i kontratakach ukrai\u0144skich. R\u00f3\u017cnica jest wielka, bo ukrai\u0144skie skupiaj\u0105 si\u0119 na celach w Rosji zwi\u0105zanych z wojn\u0105, a nie cywilnych. Du\u017co by\u0142o o rocznicy rosyjskiej masakry cywil\u00f3w w Buczy i przybyciu w zwi\u0105zku z ni\u0105 unijnych ministr\u00f3w spraw zagranicznych (z wyj\u0105tkiem w\u0119gierskiego) do Kijowa. Wywiad brytyjski uwa\u017ca, \u017ce rosyjska ofensywa l\u0105dowa utkn\u0119\u0142a. W martwym punkcie utkn\u0119\u0142y tak\u017ce rozmowy wys\u0142annik\u00f3w Trumpa z Kremlem. Trump za\u015b ma k\u0142opoty z wojn\u0105 wydan\u0105 Iranowi. I tak jak Putin &#8211; obaj nominalnie chrze\u015bcijanie &#8211; nie ogl\u0105da si\u0119 na Wielkanoc.<\/p>\n\n\n\n<p>Ponowi\u0142 gro\u017ab\u0119 rozp\u0119tania piek\u0142a i zaraz potem napisa\u0142: glory to God. W kontek\u015bcie wojny to blu\u017anierstwo. Nie \u0142ud\u017amy si\u0119: w \u015bwiecie zsekularyzowanym religia nadal jest obecna i manipulowana. A ludzie religijni, nawet ci traktuj\u0105cy j\u0105 serio, przegrywaj\u0105 z manipulatorami. S\u0105 w\u015br\u00f3d nich fundamentali\u015bci chrze\u015bcija\u0144scy, muzu\u0142ma\u0144scy i \u017cydowscy.<\/p>\n\n\n\n<p>W \u015bredniowieczu w \u015bwiecie chrze\u015bcija\u0144skim honorowano &#8222;rozejm Bo\u017cy&#8221; (treuga Dei) na czas adwentu i postu. Dzi\u015b m\u00f3wimy o &#8222;zawieszeniu ognia&#8221;. Mimo rozdzia\u0142u pa\u0144stwa od religii w zachodnich demokracjach pokusa podpierania si\u0119 swoim Bogiem w polityce jest wci\u0105\u017c silna. A w \u015bwiecie wojowniczego islamu &#8211; przemo\u017cna. Tylko papie\u017ce od II Soboru Watyka\u0144skiego (czyli zaledwie od nieco ponad p\u00f3\u0142 wieku) odrzucaj\u0105 publicznie mantr\u0119 o &#8222;pokoju przez si\u0142\u0119&#8221;. Ale kto dzi\u015b w polityce s\u0142ucha papie\u017cy? Trump i Leon XIV to Amerykanie na przeciwnych biegunach, lecz wygrywa Trump. P\u00f3ki manipulacje religi\u0105 s\u0105 skuteczne, apele o pok\u00f3j s\u0105 jak przys\u0142owiowe rzucanie grochem o \u015bcian\u0119.<\/p>\n\n\n\n<p>Chrze\u015bcija\u0144ska Wielkanoc wyros\u0142a z \u017cydowskiego \u015bwi\u0119ta Paschy, radosnej pami\u0105tki wyj\u015bcia \u017byd\u00f3w z niewoli egipskiej. Chrze\u015bcijanie \u015bwi\u0119tuj\u0105 zmartwychwstanie Jezusa, symboliczne zwyci\u0119stwo nad \u015bmierci\u0105, najwy\u017csze wyzwolenie. A w realnym \u015bwiecie mamy wojn\u0119 za wojn\u0105, eskalacj\u0119 za eskalacj\u0105. Religia nie dzia\u0142a, polityka nie dzia\u0142a. Mo\u017ce zamiast z\u0142orzeczy\u0107, trzeba na pocz\u0105tek zaprowadzi\u0107 pok\u00f3j w sobie.   <\/p>\n","protected":false},"excerpt":{"rendered":"<p>Prawos\u0142awie w Rosji i Ukrainie szykuje si\u0119 do Wielkanocy wypadaj\u0105cej w tym roku 12 kwietnia. \u015awi\u0119ta katolickie s\u0105 w tym tygodniu. Ukrai\u0144scy katolicy i grekokatolicy obchodz\u0105 je w tym samym czasie co polscy. W Wielki Pi\u0105tek Rosjanie ostrzelali Ukrain\u0119, zabijaj\u0105c kolejnych ludzi i powoduj\u0105c kolejne straty w dzielnicach mieszkaniowych. Atakowali nie noc\u0105, jak zwykle, lecz [&hellip;]<\/p>\n","protected":false},"author":3,"featured_media":0,"comment_status":"open","ping_status":"closed","sticky":false,"template":"","format":"standard","meta":{"footnotes":""},"categories":[1],"tags":[],"_links":{"self":[{"href":"https:\/\/blog.polityka.pl\/szostkiewicz\/wp-json\/wp\/v2\/posts\/17781"}],"collection":[{"href":"https:\/\/blog.polityka.pl\/szostkiewicz\/wp-json\/wp\/v2\/posts"}],"about":[{"href":"https:\/\/blog.polityka.pl\/szostkiewicz\/wp-json\/wp\/v2\/types\/post"}],"author":[{"embeddable":true,"href":"https:\/\/blog.polityka.pl\/szostkiewicz\/wp-json\/wp\/v2\/users\/3"}],"replies":[{"embeddable":true,"href":"https:\/\/blog.polityka.pl\/szostkiewicz\/wp-json\/wp\/v2\/comments?post=17781"}],"version-history":[{"count":7,"href":"https:\/\/blog.polityka.pl\/szostkiewicz\/wp-json\/wp\/v2\/posts\/17781\/revisions"}],"predecessor-version":[{"id":17789,"href":"https:\/\/blog.polityka.pl\/szostkiewicz\/wp-json\/wp\/v2\/posts\/17781\/revisions\/17789"}],"wp:attachment":[{"href":"https:\/\/blog.polityka.pl\/szostkiewicz\/wp-json\/wp\/v2\/media?parent=17781"}],"wp:term":[{"taxonomy":"category","embeddable":true,"href":"https:\/\/blog.polityka.pl\/szostkiewicz\/wp-json\/wp\/v2\/categories?post=17781"},{"taxonomy":"post_tag","embeddable":true,"href":"https:\/\/blog.polityka.pl\/szostkiewicz\/wp-json\/wp\/v2\/tags?post=17781"}],"curies":[{"name":"wp","href":"https:\/\/api.w.org\/{rel}","templated":true}]}}