
{"id":17791,"date":"2026-04-07T20:34:23","date_gmt":"2026-04-07T18:34:23","guid":{"rendered":"https:\/\/blog.polityka.pl\/szostkiewicz\/?p=17791"},"modified":"2026-04-07T21:28:40","modified_gmt":"2026-04-07T19:28:40","slug":"vance-w-budapeszcie","status":"publish","type":"post","link":"https:\/\/blog.polityka.pl\/szostkiewicz\/2026\/04\/07\/vance-w-budapeszcie\/","title":{"rendered":"Vance w Budapeszcie"},"content":{"rendered":"\n<p>Wbrew obawom wybory w\u0119gierskie si\u0119 odb\u0119d\u0105. Dowodem wizyta Vance\u2019a w Budapeszcie i jego spotkanie z Orb\u00e1nem. Gdyby Orb\u00e1n mia\u0142 zamrozi\u0107 wybory, poprosi\u0142by wiceprezydenta o odwo\u0142anie tej wizyty. Na konferencji prasowej we wtorek Orb\u00e1n przeszed\u0142 sam siebie w insynuacjach i atakach na Ukrain\u0119 i Bruksel\u0119. Vance albo milcza\u0142, albo wt\u00f3rowa\u0142. Wiadomo, \u017ce Unii nie \u017cyczy dobrze, jak jego pryncypa\u0142, ale \u017ceby a\u017c tak, to jednak niebywa\u0142e. O Rosji milczeli obaj, tak samo jak o Iranie. Za to obarczali Uni\u0119 win\u0105 za szok podwy\u017cek cen paliw. To ju\u017c ponura groteska.<\/p>\n\n\n\n<!--more-->\n\n\n\n<p>Druga sprawa, kt\u00f3ra rzuca si\u0119 w oczy, to oczywi\u015bcie jawna ingerencja ekipy Trumpa w wybory w\u0119gierskie. Po kiego diab\u0142a, przecie\u017c W\u0119gry to \u017cadna si\u0142a mi\u0119dzynarodowa. Nie ma nawet okr\u0119t\u00f3w, kt\u00f3re mog\u0142aby wys\u0142a\u0107 do cie\u015bniny Ormuz, bo nie ma dost\u0119pu do morza. Nie ma, ale Orb\u00e1n wypromowa\u0142 si\u0119 w Waszyngtonie Trumpa na sojusznika ideologicznego, obro\u0144c\u0119 cywilizacji chrze\u015bcija\u0144skiej, cokolwiek to dzi\u015b znaczy, i wa\u017cn\u0105 figur\u0119 w mi\u0119dzynarod\u00f3wce alt-prawicy. I to jest jego atut w oczach Trumpa.<\/p>\n\n\n\n<p>Trump ceni t\u0119 ideologi\u0119 bardziej ni\u017c typowy dla ameryka\u0144skich Republikan\u00f3w pragmatyzm. Wraz z ruchem MAGA konserwatyzm ameryka\u0144ski zmieni\u0142 oblicze z pragmatycznego na skrajnie prawicowo-populistyczny. Jak na tym wyjdzie Ameryka? Jak najgorzej. Jak wyjd\u0105 W\u0119gry, zobaczymy. Wizyta Vance\u2019a raczej nie b\u0119dzie wisienk\u0105 na torcie dla Orb\u00e1na i Fideszu. Szali nie przechyli.<\/p>\n\n\n\n<p>A szala si\u0119 waha. Orb\u00e1n chyba wci\u0105\u017c liczy, \u017ce wygra. Ma swoje sonda\u017ce i machin\u0119 pa\u0144stwow\u0105 do dyspozycji. Ma te\u017c zapewne plan B na wypadek przegranej. Na pi\u0119\u0107 dni przed wyborami wygrana opozycji nie jest pewna.<\/p>\n\n\n\n<p>Przegrana Orb\u00e1na by\u0142aby trz\u0119sieniem ziemi nie tylko w polityce w\u0119gierskiej, ale i mi\u0119dzynarodowej. Bruksela unijna mog\u0142aby odetchn\u0105\u0107 z ulg\u0105: dyskusje, jak sobie radzi\u0107 z Orb\u00e1nem w UE, trafi\u0142yby do kosza. Orb\u00e1n zrobi\u0142 si\u0119 prawdziwym problemem dla Unii. W brukselskich kuluarach budzi coraz wi\u0119ksz\u0105 w\u015bciek\u0142o\u015b\u0107. Wszyscy kombinuj\u0105, jak si\u0119 go pozby\u0107. A tak pozbyliby si\u0119 go sami W\u0119grzy, g\u0142osuj\u0105c na Magyara. Co zreszt\u0105 niekoniecznie oznacza, \u017ce Magyar okaza\u0142by si\u0119 euroentuzjast\u0105. To w ko\u0144cu dysydent z Fideszu.<\/p>\n\n\n\n<p>Za to mi\u0119dzynarod\u00f3wka alt-prawicy niespodziewanie utraci\u0142aby wa\u017cnego sojusznika, najwa\u017cniejszego dzisiaj polityka na stanowisku premiera w jej elicie. Meloni spu\u015bci\u0142a z tonu i przesuwa si\u0119 ku centrum. Fico i Babisz to druga liga. Orb\u00e1n to jednak zjawisko: cztery kadencje wykorzystane do budowy dominium i pozycji mi\u0119dzynarodowej, co z tego, \u017ce ostro krytykowanej, skoro jak dot\u0105d niewzruszonej. Vance w Budapeszcie obsypa\u0142 go komplementami, jakich musz\u0105 mu zazdro\u015bci\u0107 Nawrocki czy Kaczy\u0144ski. Lecz znikni\u0119cia Orb\u00e1na nie b\u0119d\u0105 bardzo \u017ca\u0142owa\u0107. Zrobi si\u0119 wi\u0119cej miejsca dla nich na twardej prawicy w Europie.<\/p>\n","protected":false},"excerpt":{"rendered":"<p>Wbrew obawom wybory w\u0119gierskie si\u0119 odb\u0119d\u0105. Dowodem wizyta Vance\u2019a w Budapeszcie i jego spotkanie z Orb\u00e1nem. Gdyby Orb\u00e1n mia\u0142 zamrozi\u0107 wybory, poprosi\u0142by wiceprezydenta o odwo\u0142anie tej wizyty. Na konferencji prasowej we wtorek Orb\u00e1n przeszed\u0142 sam siebie w insynuacjach i atakach na Ukrain\u0119 i Bruksel\u0119. Vance albo milcza\u0142, albo wt\u00f3rowa\u0142. Wiadomo, \u017ce Unii nie \u017cyczy dobrze, [&hellip;]<\/p>\n","protected":false},"author":3,"featured_media":0,"comment_status":"open","ping_status":"closed","sticky":false,"template":"","format":"standard","meta":{"footnotes":""},"categories":[1],"tags":[],"_links":{"self":[{"href":"https:\/\/blog.polityka.pl\/szostkiewicz\/wp-json\/wp\/v2\/posts\/17791"}],"collection":[{"href":"https:\/\/blog.polityka.pl\/szostkiewicz\/wp-json\/wp\/v2\/posts"}],"about":[{"href":"https:\/\/blog.polityka.pl\/szostkiewicz\/wp-json\/wp\/v2\/types\/post"}],"author":[{"embeddable":true,"href":"https:\/\/blog.polityka.pl\/szostkiewicz\/wp-json\/wp\/v2\/users\/3"}],"replies":[{"embeddable":true,"href":"https:\/\/blog.polityka.pl\/szostkiewicz\/wp-json\/wp\/v2\/comments?post=17791"}],"version-history":[{"count":4,"href":"https:\/\/blog.polityka.pl\/szostkiewicz\/wp-json\/wp\/v2\/posts\/17791\/revisions"}],"predecessor-version":[{"id":17795,"href":"https:\/\/blog.polityka.pl\/szostkiewicz\/wp-json\/wp\/v2\/posts\/17791\/revisions\/17795"}],"wp:attachment":[{"href":"https:\/\/blog.polityka.pl\/szostkiewicz\/wp-json\/wp\/v2\/media?parent=17791"}],"wp:term":[{"taxonomy":"category","embeddable":true,"href":"https:\/\/blog.polityka.pl\/szostkiewicz\/wp-json\/wp\/v2\/categories?post=17791"},{"taxonomy":"post_tag","embeddable":true,"href":"https:\/\/blog.polityka.pl\/szostkiewicz\/wp-json\/wp\/v2\/tags?post=17791"}],"curies":[{"name":"wp","href":"https:\/\/api.w.org\/{rel}","templated":true}]}}