
{"id":17890,"date":"2026-04-28T14:59:48","date_gmt":"2026-04-28T12:59:48","guid":{"rendered":"https:\/\/blog.polityka.pl\/szostkiewicz\/?p=17890"},"modified":"2026-04-28T19:03:53","modified_gmt":"2026-04-28T17:03:53","slug":"poczbut-wolny","status":"publish","type":"post","link":"https:\/\/blog.polityka.pl\/szostkiewicz\/2026\/04\/28\/poczbut-wolny\/","title":{"rendered":"Poczobut wolny!"},"content":{"rendered":"\n<p>Wielka rado\u015b\u0107. Andrzej Poczobut zosta\u0142 zwolniony po 1860 dniach uwi\u0119zienia. Prezydent Nawrocki zaprosi\u0142 korespondenta &#8222;Gazety Wyborczej&#8221; do odebrania Orderu Or\u0142a Bia\u0142ego, kt\u00f3rym zosta\u0142 uhonorowany. Tym razem Nawrocki, Tusk i Sikorski m\u00f3wi\u0105 jednym g\u0142osem: to nasz bohater. Nasz, czyli czyj? Ju\u017c si\u0119 zacz\u0119\u0142a licytacja w\u015br\u00f3d polityk\u00f3w. A przecie\u017c to obra\u017aliwe dla Poczobuta. <br \/><\/p>\n\n\n\n<p>Bohater na zdj\u0119ciu zrobionym w samochodzie jad\u0105cym z granicy z Bia\u0142orusi\u0105 do Warszawy wygl\u0105da na zm\u0119czonego, ale spokojnego. Je\u015bli co\u015b go teraz trapi, to to, kiedy b\u0119dzie m\u00f3g\u0142 wr\u00f3ci\u0107 do Bia\u0142orusi. Wiemy, \u017ce dot\u0105d odrzuca\u0142 warunek re\u017cimu \u0141ukaszenki: wolno\u015b\u0107 w zamian za emigracj\u0119 z kraju. Dlaczego teraz od tego odst\u0105pi\u0142 i czy w og\u00f3le odst\u0105pi\u0142, zapewne dowiemy si\u0119 wkr\u00f3tce.<\/p>\n\n\n\n<!--more-->\n\n\n\n<p>Na razie wiemy tyle, \u017ce jest wolny i w Polsce. I \u017ce walny udzia\u0142 w zwolnieniu mia\u0142a administracja Trumpa, co przyzna\u0142 minister Sikorski. Sukces ma wi\u0119c dwu ojc\u00f3w: dyplomacj\u0119 polsk\u0105 i ameryka\u0144sk\u0105. I zdyskontuje go rz\u0105d Trumpa i rz\u0105d Tuska. Sikorski nazwa\u0142 go przyk\u0142adem doskona\u0142ego sojuszu polsko-ameryka\u0144skiego. Da\u0142 do zrozumienia, \u017ce Bia\u0142y Dom Trumpa wsp\u00f3\u0142pracuje z rz\u0105dem Tuska, czyli uwa\u017ca go za tak samo dobrego partnera jak wcze\u015bniej rz\u0105d pisowski. <\/p>\n\n\n\n<p>Nie spodziewajmy si\u0119 zbyt wielu szczeg\u00f3\u0142\u00f3w na temat tego wspania\u0142ego wydarzenia, bo mi\u0119dzypa\u0144stwowe wymiany wi\u0119\u017ani\u00f3w s\u0105 zwykle otoczone tajemnic\u0105. Na razie s\u0142yszymy, \u017ce za uwolnienie re\u017cim nie wytargowa\u0142 zniesienia sankcji ekonomicznych. Wizerunek re\u017cimu \u0141ukaszenki pozostaje zdecydowanie negatywny na Zachodzie. Przypomnia\u0142 o tym Sikorski na briefingu, nie owijaj\u0105c w bawe\u0142n\u0119.<\/p>\n\n\n\n<p>Jednak ani on, ani Amerykanin Coale, delegat Trumpa do pertraktacji z ekip\u0105 \u0141ukaszenki, nie wspomnieli o tym, czy i jaka by\u0142a cena za wtorkow\u0105 wymian\u0119 5:5. Wiemy, \u017ce wypuszczeni z ci\u0119\u017ckich wi\u0119zie\u0144 zostali obywatele polscy (3) i mo\u0142dawscy, ale w zamian za kogo, tego nie wiadomo w chwili, gdy pisz\u0119 te s\u0142owa. Podobno jednym z wymienionych za t\u0119 pi\u0105tk\u0119 ma by\u0107 proputinowski historyk rosyjski.<\/p>\n\n\n\n<p> Te wszystkie niewiadome s\u0105 jednak dzisiaj ma\u0142o wa\u017cne. Liczy si\u0119 teraz przede wszystkim to, \u017ce dzielny cz\u0142owiek, rzetelny dziennikarz, patriota polski i bia\u0142oruski wyszed\u0142 na wolno\u015b\u0107. Prawda i pryncypia okaza\u0142y si\u0119 silniejsze od przemocy i k\u0142amstwa. <br \/><\/p>\n\n\n\n<p><\/p>\n","protected":false},"excerpt":{"rendered":"<p>Wielka rado\u015b\u0107. Andrzej Poczobut zosta\u0142 zwolniony po 1860 dniach uwi\u0119zienia. Prezydent Nawrocki zaprosi\u0142 korespondenta &#8222;Gazety Wyborczej&#8221; do odebrania Orderu Or\u0142a Bia\u0142ego, kt\u00f3rym zosta\u0142 uhonorowany. Tym razem Nawrocki, Tusk i Sikorski m\u00f3wi\u0105 jednym g\u0142osem: to nasz bohater. Nasz, czyli czyj? Ju\u017c si\u0119 zacz\u0119\u0142a licytacja w\u015br\u00f3d polityk\u00f3w. A przecie\u017c to obra\u017aliwe dla Poczobuta. Bohater na zdj\u0119ciu zrobionym [&hellip;]<\/p>\n","protected":false},"author":3,"featured_media":0,"comment_status":"open","ping_status":"closed","sticky":false,"template":"","format":"standard","meta":{"footnotes":""},"categories":[1],"tags":[],"_links":{"self":[{"href":"https:\/\/blog.polityka.pl\/szostkiewicz\/wp-json\/wp\/v2\/posts\/17890"}],"collection":[{"href":"https:\/\/blog.polityka.pl\/szostkiewicz\/wp-json\/wp\/v2\/posts"}],"about":[{"href":"https:\/\/blog.polityka.pl\/szostkiewicz\/wp-json\/wp\/v2\/types\/post"}],"author":[{"embeddable":true,"href":"https:\/\/blog.polityka.pl\/szostkiewicz\/wp-json\/wp\/v2\/users\/3"}],"replies":[{"embeddable":true,"href":"https:\/\/blog.polityka.pl\/szostkiewicz\/wp-json\/wp\/v2\/comments?post=17890"}],"version-history":[{"count":7,"href":"https:\/\/blog.polityka.pl\/szostkiewicz\/wp-json\/wp\/v2\/posts\/17890\/revisions"}],"predecessor-version":[{"id":17899,"href":"https:\/\/blog.polityka.pl\/szostkiewicz\/wp-json\/wp\/v2\/posts\/17890\/revisions\/17899"}],"wp:attachment":[{"href":"https:\/\/blog.polityka.pl\/szostkiewicz\/wp-json\/wp\/v2\/media?parent=17890"}],"wp:term":[{"taxonomy":"category","embeddable":true,"href":"https:\/\/blog.polityka.pl\/szostkiewicz\/wp-json\/wp\/v2\/categories?post=17890"},{"taxonomy":"post_tag","embeddable":true,"href":"https:\/\/blog.polityka.pl\/szostkiewicz\/wp-json\/wp\/v2\/tags?post=17890"}],"curies":[{"name":"wp","href":"https:\/\/api.w.org\/{rel}","templated":true}]}}