
{"id":184,"date":"2007-05-06T22:57:18","date_gmt":"2007-05-06T20:57:18","guid":{"rendered":"http:\/\/szostkiewicz.blog.polityka.pl\/?p=184"},"modified":"2007-05-06T22:57:18","modified_gmt":"2007-05-06T20:57:18","slug":"sarko-sego-giertych","status":"publish","type":"post","link":"https:\/\/blog.polityka.pl\/szostkiewicz\/2007\/05\/06\/sarko-sego-giertych\/","title":{"rendered":"Sarko, Sego, Giertych"},"content":{"rendered":"<p>I znowu rekord. 85,5 procent frekwencji Segolene Royal przegra\u0142a, ale zrobi\u0142a socjalistom \u015bwietny wynik. Z godno\u015bci\u0105, a nawet z u\u015bmiechem znios\u0142a pora\u017ck\u0119. Nie mia\u0142em racji &#8211; pod wra\u017ceniem debaty telewizyjnej nie wyklucza\u0142em wygranej Sego. Jednak wi\u0119kszo\u015b\u0107 Francuz\u00f3w wola\u0142a syna w\u0119gierskiego imigranta i c\u00f3rki francuskiego Zyda katolika\u00a0 &#8211; bardziej francuskiego ni\u017c Francuzi. Odkleili z Francji etykiet\u0119 antysemit\u00f3w i ksenofob\u00f3w. Mo\u017ce faktycznie idzie wielka zmiana? Sarko ciep\u0142o m\u00f3wi\u0142 w kampanii i o Janie Pawle II, i o prof. Geremku. Mo\u017ce tchnie nowe \u017cycie w polityk\u0119 europejsk\u0105, tr\u00f3jk\u0105t weimarski, alians francusko-niemiecko-polsko-w\u0119gierski?<\/p>\n<p>A u Royal nie podoba\u0142o mi si\u0119, \u017ce cho\u0107 tyle i ze swad\u0105 m\u00f3wi\u0142a po przegranej o nadziei i o Francji, nie pogratulowa\u0142a Sarko zwyci\u0119stwa. Chwali\u0142em wcze\u015bniej kampani\u0119 francusk\u0105 za poziom debaty i kultur\u0119 rywalizacji, a tu taka plama. na tym tle Sarkozy m\u00f3g\u0142 tylko zyska\u0107, wyra\u017caj\u0105c szacunek dla Royal w swojej mowie zwyci\u0119zcy. Inna rzecz, \u017ce dzi\u0119kuj\u0105c Francji za wszystko, co dla niego zrobi\u0142a, m\u00f3g\u0142by te\u017c znale\u017a\u0107 s\u0142owo podzi\u0119ki dla Chiraka, kt\u00f3ry by\u0142o nie by\u0142o wprowadzi\u0142 go do wielkiej polityki i na salony. Wielkoduszno\u015b\u0107 w polityce to jednak rzadko\u015b\u0107. Ale i tak zazdro\u015b\u0107 by\u0142o patrze\u0107 na Francj\u0119 w tym wa\u017cnym dniu dla niej i dla Europy, czyli tak\u017ce dla nas.<\/p>\n<p>My w tych dniach mieli\u015bmy do zaproponowania Europie ,,nie&#8221; premiera Giertycha dla wsp\u00f3lnego europejskiego podr\u0119cznika historii. Uwa\u017cam Giertycha za najwi\u0119kszego szkodnika polskiej polityki, ale ten sprzeciw musia\u0142 chyba konsultowa\u0107 z szefem rz\u0105du, czyli obci\u0105\u017ca on tak\u017ce konto premiera Kaczy\u0144skiego. To straszny obciach &#8211; nawet muzu\u0142ma\u0144ska Turcja gotowa jest wsp\u00f3\u0142pracowa\u0107 przy takim podr\u0119czniku.<\/p>\n<p>Europa Sarkozy&#8217;ego, Merkel, Gordona Browna jako nast\u0119pcy Blaira przesuwa si\u0119 na prawo, ale ta prawica nigdy nie wzi\u0119\u0142aby do rz\u0105du jakiego\u015b odpowiednika LPR Giertycha. Prawica nie jedno ma imi\u0119, we Francji te\u017c. Sarkozy mo\u017ce dokona\u0107 dw\u00f3ch wa\u017cnych rzeczy jako przyw\u00f3dca Francji: wzmocni\u0107 prawic\u0119 pro-rynkow\u0105, pro-europejsk\u0105 i pro-atlantyck\u0105,\u00a0 a tak\u017ce wymusi\u0107 po\u015brednio ewolucj\u0119 francuskiej lewicy od socjalizmu do socjaldemokracji a la Nowa Partia Pracy Blaira. Jestem za, cho\u0107 jak wiadomo tak\u017ce i w polityce nie je si\u0119 tak gor\u0105cego, jak si\u0119 gotuje, wi\u0119c Sarkozy mo\u017ce zmarnowa\u0107 sw\u0105 wielk\u0105 szans\u0119.\u00a0\u00a0\u00a0\u00a0\u00a0\u00a0\u00a0\u00a0\u00a0\u00a0\u00a0\u00a0\u00a0\u00a0\u00a0\u00a0\u00a0\u00a0\u00a0\u00a0\u00a0\u00a0<\/p>\n","protected":false},"excerpt":{"rendered":"<p>I znowu rekord. 85,5 procent frekwencji Segolene Royal przegra\u0142a, ale zrobi\u0142a socjalistom \u015bwietny wynik. Z godno\u015bci\u0105, a nawet z u\u015bmiechem znios\u0142a pora\u017ck\u0119. Nie mia\u0142em racji &#8211; pod wra\u017ceniem debaty telewizyjnej nie wyklucza\u0142em wygranej Sego. Jednak wi\u0119kszo\u015b\u0107 Francuz\u00f3w wola\u0142a syna w\u0119gierskiego imigranta i c\u00f3rki francuskiego Zyda katolika\u00a0 &#8211; bardziej francuskiego ni\u017c Francuzi. Odkleili z Francji etykiet\u0119 [&hellip;]<\/p>\n","protected":false},"author":3,"featured_media":0,"comment_status":"open","ping_status":"open","sticky":false,"template":"","format":"standard","meta":{"footnotes":""},"categories":[1],"tags":[],"_links":{"self":[{"href":"https:\/\/blog.polityka.pl\/szostkiewicz\/wp-json\/wp\/v2\/posts\/184"}],"collection":[{"href":"https:\/\/blog.polityka.pl\/szostkiewicz\/wp-json\/wp\/v2\/posts"}],"about":[{"href":"https:\/\/blog.polityka.pl\/szostkiewicz\/wp-json\/wp\/v2\/types\/post"}],"author":[{"embeddable":true,"href":"https:\/\/blog.polityka.pl\/szostkiewicz\/wp-json\/wp\/v2\/users\/3"}],"replies":[{"embeddable":true,"href":"https:\/\/blog.polityka.pl\/szostkiewicz\/wp-json\/wp\/v2\/comments?post=184"}],"version-history":[{"count":0,"href":"https:\/\/blog.polityka.pl\/szostkiewicz\/wp-json\/wp\/v2\/posts\/184\/revisions"}],"wp:attachment":[{"href":"https:\/\/blog.polityka.pl\/szostkiewicz\/wp-json\/wp\/v2\/media?parent=184"}],"wp:term":[{"taxonomy":"category","embeddable":true,"href":"https:\/\/blog.polityka.pl\/szostkiewicz\/wp-json\/wp\/v2\/categories?post=184"},{"taxonomy":"post_tag","embeddable":true,"href":"https:\/\/blog.polityka.pl\/szostkiewicz\/wp-json\/wp\/v2\/tags?post=184"}],"curies":[{"name":"wp","href":"https:\/\/api.w.org\/{rel}","templated":true}]}}