
{"id":18450,"date":"2026-08-30T15:07:12","date_gmt":"2026-08-30T13:07:12","guid":{"rendered":"https:\/\/blog.polityka.pl\/szostkiewicz\/?p=18450"},"modified":"2026-08-30T17:45:07","modified_gmt":"2026-08-30T15:45:07","slug":"kosiniada-i-inne-klechdy","status":"publish","type":"post","link":"https:\/\/blog.polityka.pl\/szostkiewicz\/2026\/08\/30\/kosiniada-i-inne-klechdy\/","title":{"rendered":"Kosiniada i inne klechdy"},"content":{"rendered":"\n<p class=\"wp-block-paragraph\">Na rok przed wyborami naprawd\u0119 nie ma si\u0119 co podnieca\u0107 sonda\u017cami politycznego poparcia dla partyj i poszczeg\u00f3lnych polityk\u00f3w. Z jednym wyj\u0105tkiem: Nawrockiego.<\/p>\n\n\n\n<!--more-->\n\n\n\n<p class=\"wp-block-paragraph\">To prezydent P\u00f3\u0142 na P\u00f3\u0142, z najwy\u017cszym poparciem w najm\u0142odszym pokoleniu, do 30. roku \u017cycia. Tu cytuj\u0119 badanie IBRiS z 21-23 sierpnia, a wi\u0119c ju\u017c po paradzie warszawskiej, rocznicy powstania warszawskiego oraz po serii wet: przeciwko osobie najbli\u017cszej, zdrowszemu wy\u017cywieniu dzieci w szkole, a ostatnio przeciw daninie bud\u017cetowej od gigant\u00f3w typu Orlen. Fenomen prezydenta, kt\u00f3remu pozwolono obj\u0105\u0107 urz\u0105d w, delikatnie m\u00f3wi\u0105c, skrajnie ambiwalentnych okoliczno\u015bciach politycznych i prawnych, b\u0119dzie tematem wielu doktorat\u00f3w politologicznych, bo ju\u017c nie \u015bledztw dziennikarskich, gdy\u017c sobie temat darowa\u0142y, widz\u0105c s\u0142upki poparcia.<\/p>\n\n\n\n<p class=\"wp-block-paragraph\">Cokolwiek si\u0119 zdarzy do wybor\u00f3w &#8211; a przewiduj\u0119, \u017ce zdarzy si\u0119 wi\u0119cej, ni\u017c my\u015blimy, bo po prostu wisi w powietrzu ta generalna konfrontacja mi\u0119dzy nacjonalistyczn\u0105 i faszyzuj\u0105c\u0105 prawic\u0105 a si\u0142ami stawiaj\u0105cymi im op\u00f3r &#8211; wynik dzi\u015b nie jest do przewidzenia. I zn\u00f3w z wyj\u0105tkiem Nawrockiego w roli mentora nacjonalist\u00f3w, kt\u00f3rym jest dzisiaj i kt\u00f3rym b\u0119dzie za rok i kolejne lata. Chyba tylko w USA dzieje si\u0119 co\u015b takiego jak u nas: mimo ewidentnych niezdolno\u015bci do rz\u0105dzenia krajem u niego i jego poplecznik\u00f3w Trump utrzymuje ci\u0105gle poparcie na poziomie jednej trzeciej elektoratu. Dok\u0142adnie jak Nawrocki w elektoracie prawicy.<\/p>\n\n\n\n<p class=\"wp-block-paragraph\">S\u0142owem, w istocie obaj, Du\u017cy i Ma\u0142y Trump, nie maj\u0105 za sob\u0105 wi\u0119kszo\u015bci, a ostentacyjnie i z perwersyjnym samozadowoleniem zachowuj\u0105 si\u0119, jakby mieli. Ta &#8222;strategia&#8221; jest prosta i skuteczna jak ma\u0142o co, bo \u017caden z konkurent\u00f3w po drugiej stronie t\u0119czy nie odwa\u017cy si\u0119 na takie samochwalstwo ani nie da\u0142by rady udawa\u0107 przekonuj\u0105co populisty (patrz kampania prezydencka Trzaskowskiego). Populist\u0105 wiarygodnym nie b\u0119dzie dlatego Tusk, pr\u0119dzej Kosiniak-Kamysz, i teraz zaczyna si\u0119 w\u0105tek &#8222;kosiniady&#8221;, czyli skutk\u00f3w i perspektyw na przysz\u0142o\u015b\u0107 wielkiej kariery politycznej szefa ludowc\u00f3w, partii schodz\u0105cej ze sceny, aczkolwiek opornie.<\/p>\n\n\n\n<p class=\"wp-block-paragraph\">Krystyna Naszkowska, znawczyni tematyki wiejskiej, bierze pod lup\u0119 inny fenomen: PSL, najstarszej partii politycznej wci\u0105\u017c funkcjonuj\u0105cej w polskiej polityce &#8211; od epoki rozbior\u00f3w, przez II RP, okupacj\u0119, PRL (pod kontrol\u0105 komunist\u00f3w i zmienion\u0105 nazw\u0105 ZSL), a\u017c do teraz. Na tym teraz publicystka si\u0119 skupia. Jako\u015b nie do ko\u0144ca wierzy &#8211; w \u015bwietle obecnego uk\u0142adu si\u0142 &#8211; \u017ce ludowcy faktycznie samodzielnie p\u00f3jd\u0105 do wybor\u00f3w w przysz\u0142ym roku. Raczej jednak wystartuj\u0105 z list KO, a mo\u017ce nawet Kosiniak-Kamysz zostanie nast\u0119pc\u0105 Tuska, gdyby nacjonali\u015bci nie dali rady sformowa\u0107 rz\u0105du. C\u00f3\u017c, warto zap\u0142aci\u0107 tak\u0105 cen\u0119, je\u015bli nacjonali\u015bci pozostaliby kolejn\u0105 kadencj\u0119 w \u0142awach opozycji.<\/p>\n\n\n\n<p class=\"wp-block-paragraph\">Mam i mia\u0142em (bo ju\u017c nie \u017cyj\u0105) w\u015br\u00f3d przyjaci\u00f3\u0142 niejednego sympatyka ruchu ludowego, w\u0142\u0105cznie z prof. Leszkiem Ko\u0142akowskim. Intrygowa\u0142o mnie, czemu mimo wszystkich meandr\u00f3w, lawirowa\u0144 ludowc\u00f3w ci doskonale znaj\u0105cy polsk\u0105 histori\u0119 ludzie nawet po 1989 r. zerkali z sympati\u0105 w ich stron\u0119. By\u0107 mo\u017ce jako\u015b lubili t\u0119 emancypacj\u0119 wsi spod Ko\u015bcio\u0142a i internacjonalnych ideologii tamtych czas\u00f3w, wyczuwali w tym swojsk\u0105 autentyczno\u015b\u0107.<\/p>\n\n\n\n<p class=\"wp-block-paragraph\">Czy dzi\u015b te\u017c tak to wygl\u0105da w PSL? Ju\u017c w koalicji z Tuskiem ludowcy okazywali si\u0119 hamulcowymi progresizmu proponowanego przez Lewic\u0119. Byli i s\u0105 prawym skrzyd\u0142em koalicji i tego nie kryj\u0105, ale pragmatycznym raczej ni\u017c ideologicznym, co sprawia, \u017ce koalicja si\u0119 nie roz\u0142azi tak dramatycznie jak za symetrysty Ho\u0142owni (mam nadziej\u0119, \u017ce jego powr\u00f3t to jednak bajanie, nikt nie zrobi\u0142 tyle z\u0142ego dla koalicji co Ho\u0142ownia i N.-P. ). Naszkowska nie s\u0105dzi, by Kosiniak postawi\u0142 w wyborach na przymierze z Morawieckim. Mnie te\u017c w to trudno by\u0142oby uwierzy\u0107.<\/p>\n\n\n\n<p class=\"wp-block-paragraph\">Ale bez przerwy, do znu\u017cenia, trzeba pami\u0119ta\u0107 w opisywaniu polityki polskiej AD 2026, \u017ce toczy si\u0119 w ponurym cieniu grupy trzymaj\u0105cej cz\u0119\u015b\u0107 w\u0142adzy wykonawczej w Pa\u0142acu Namiestnikowskim. Nic si\u0119 nie zmieni\u0142o, raczej pogorszy\u0142o: nacjonali\u015bci pod protektoratem Nawrockiego, Mentzena i Bosaka plus fronda promoskiewska Brauna i PiS Plus Morawieckiego zrobi\u0105 wszystko, by przej\u0105\u0107 ca\u0142\u0105 w\u0142adz\u0119 i zmieni\u0107 kurs geopolityczny Polski przyj\u0119ty po 1989 r. Im i ich kr\u0119gom to si\u0119 op\u0142aca, Polsk\u0119 wyizoluje z Zachodu i zostawi sam na sam z Putinem i AfD. Ko\u0142o historii zn\u00f3w si\u0119 domyka. My, Polacy, wolne ptacy.<\/p>\n","protected":false},"excerpt":{"rendered":"<p>Na rok przed wyborami naprawd\u0119 nie ma si\u0119 co podnieca\u0107 sonda\u017cami politycznego poparcia dla partyj i poszczeg\u00f3lnych polityk\u00f3w. Z jednym wyj\u0105tkiem: Nawrockiego.<\/p>\n","protected":false},"author":3,"featured_media":0,"comment_status":"open","ping_status":"","sticky":false,"template":"","format":"standard","meta":{"footnotes":""},"categories":[1],"tags":[],"class_list":["post-18450","post","type-post","status-publish","format-standard","hentry","category-gra-w-klasy"],"_links":{"self":[{"href":"https:\/\/blog.polityka.pl\/szostkiewicz\/wp-json\/wp\/v2\/posts\/18450","targetHints":{"allow":["GET"]}}],"collection":[{"href":"https:\/\/blog.polityka.pl\/szostkiewicz\/wp-json\/wp\/v2\/posts"}],"about":[{"href":"https:\/\/blog.polityka.pl\/szostkiewicz\/wp-json\/wp\/v2\/types\/post"}],"author":[{"embeddable":true,"href":"https:\/\/blog.polityka.pl\/szostkiewicz\/wp-json\/wp\/v2\/users\/3"}],"replies":[{"embeddable":true,"href":"https:\/\/blog.polityka.pl\/szostkiewicz\/wp-json\/wp\/v2\/comments?post=18450"}],"version-history":[{"count":5,"href":"https:\/\/blog.polityka.pl\/szostkiewicz\/wp-json\/wp\/v2\/posts\/18450\/revisions"}],"predecessor-version":[{"id":18457,"href":"https:\/\/blog.polityka.pl\/szostkiewicz\/wp-json\/wp\/v2\/posts\/18450\/revisions\/18457"}],"wp:attachment":[{"href":"https:\/\/blog.polityka.pl\/szostkiewicz\/wp-json\/wp\/v2\/media?parent=18450"}],"wp:term":[{"taxonomy":"category","embeddable":true,"href":"https:\/\/blog.polityka.pl\/szostkiewicz\/wp-json\/wp\/v2\/categories?post=18450"},{"taxonomy":"post_tag","embeddable":true,"href":"https:\/\/blog.polityka.pl\/szostkiewicz\/wp-json\/wp\/v2\/tags?post=18450"}],"curies":[{"name":"wp","href":"https:\/\/api.w.org\/{rel}","templated":true}]}}