
{"id":18458,"date":"2026-09-01T16:21:35","date_gmt":"2026-09-01T14:21:35","guid":{"rendered":"https:\/\/blog.polityka.pl\/szostkiewicz\/?p=18458"},"modified":"2026-09-01T22:01:45","modified_gmt":"2026-09-01T20:01:45","slug":"szturm-gotow-i-polan-na-bruksele","status":"publish","type":"post","link":"https:\/\/blog.polityka.pl\/szostkiewicz\/2026\/09\/01\/szturm-gotow-i-polan-na-bruksele\/","title":{"rendered":"Szturm Got\u00f3w i Polan na Bruksel\u0119"},"content":{"rendered":"\n<p class=\"wp-block-paragraph\">Teraz taki czas, \u017ce najdziksze sny szale\u0144ca mog\u0105 si\u0119 spe\u0142ni\u0107 w demokratycznych wyborach. Zgodnie z chi\u0144skim przekle\u0144stwem &#8222;oby\u015b \u017cy\u0142 w ciekawych czasach&#8221;. Jest coraz ciekawiej: wkr\u00f3tce nacjonalpopuli\u015bci z AfD mog\u0105 zrobi\u0107 kolejny krok ku prze\u0142amaniu kordonu sanitarnego w federalnej polityce niemieckiej, a mianowicie wygra\u0107 wybory w Saksonii-Anhalt. Coraz trudniej b\u0119dzie bojkotowa\u0107 parti\u0119 Tino Chrupally, nomen omen malarza i lakiernika z by\u0142ej NRD, i finansistki w\u0142adaj\u0105cej mandary\u0144skim, a prywatnie lesbijce wychowuj\u0105cej w Szwajcarii z partnerk\u0105 dzieci, pani Weigel.<\/p>\n\n\n\n<!--more-->\n\n\n\n<p class=\"wp-block-paragraph\">Do wybor\u00f3w federalnych w Niemczech jeszcze sporo czasu (2029), ale w tym roku pr\u00f3cz Saksonii s\u0105 jeszcze wybory landowe, m.in. w Berlinie. Ka\u017cde kolejne zwyci\u0119stwo AfD wstrz\u0105sa nie tylko establihmentem niemieckim, lecz i europejskim. S\u0142u\u017cby specjalne RFN oficjalnie og\u0142osi\u0142y, \u017ce to formacja cz\u0119\u015bciowo ekstremistyczna, ale jak na razie nie ma mowy o delegalizacji. Przeciwnie, coraz cz\u0119\u015bciej s\u0142yszymy g\u0142osy, \u017ce z ka\u017cdym trzeba rozmawia\u0107, czyli z ekstremistami te\u017c. Taka atmosfera na pewno sprzyja &#8222;alternatywie&#8221; i je\u015bli przez trzy lata si\u0119 utrzyma, mo\u017ce wygra\u0107 wybory na szczeblu federalnym.<\/p>\n\n\n\n<p class=\"wp-block-paragraph\">By\u0142oby to symboliczne i faktyczne zamkni\u0119cie Republiki Federalnej Niemiec, jak\u0105 znamy i z jak\u0105 jeste\u015bmy mocno powi\u0105zani handlowo i ideowo-politycznie. To Niemcy Kohla i Merkel by\u0142y dla Polski tym, czym do niedawna by\u0142a Polska dla Ukrainy, czyli adwokatem jej cz\u0142onkostwa w UE. Ten chlubny i m\u0105dry etap geostrategiczny naszej polityki wschodniej przerwa\u0142a wygrana Nawrockiego z Trzaskowskim. A chlubny, m\u0105dry i owocny dla obu stron etap wsp\u00f3\u0142pracy polsko-niemieckiej, w szczeg\u00f3lno\u015bci w Tr\u00f3jk\u0105cie Weimarskim (Weimar &#8211; pierwsza w historii niemieckiej pr\u00f3ba zbudowania liberalnej demokracji), przerwa\u0142a antyniemiecka obsesja Kaczy\u0144skiego i Dudy, kontynuowana przez nacjonalist\u00f3w z grupy Nawrockiego.<\/p>\n\n\n\n<p class=\"wp-block-paragraph\">W jakim sensie AfD mia\u0142aby by\u0107 &#8222;alternatyw\u0105 dla Niemiec&#8221;, mniej wi\u0119cej wiadomo, cho\u0107 w tym &#8222;wiadomo&#8221; jest sporo znak\u00f3w zapytania. To formacja typu naszych konfederacji: pospolitego ruszenia pod has\u0142em &#8222;mamy do\u015b\u0107: imigrant\u00f3w, dyktatu Brukseli, deindustrializacji&#8221;. Obiecuj\u0105 gruszki na wierzbach: wyj\u015bcie ze strefy euro, a mo\u017ce i z UE, na co nie maj\u0105 si\u0142 i \u015brodk\u00f3w potrzebnych do realnego dexitu. Nie kryj\u0105 nostalgii za narodowym komunizmem NRD ani nastawienia prorosyjskiego. Nie s\u0105 oficjalnie polako\u017cercami (cho\u0107 Tino, urodzony tu\u017c przy granicy z RP, zas\u0142yn\u0105\u0142 bon motem, \u017ce bardziej si\u0119 boi Polski ni\u017c Rosji). W ramach gry o elektorat pochodzenia polskiego wykonali kilka propolskich gest\u00f3w na przek\u00f3r rz\u0105dowi. Na przyk\u0142ad naciskali na do\u0142\u0105czenie do napis\u00f3w na tablicy memorialnej w kacecie Dachau tak\u017ce napisu &#8222;Nigdy wi\u0119cej wojny&#8221; w naszym j\u0119zyku. Gdy z kolei Czarnek odci\u0105\u0142 nauk\u0119 niemieckiego w szko\u0142ach w Polsce od dotacji bud\u017cetowej, rozkr\u0119cali zrzutk\u0119 publiczn\u0105 na pomoc tym szko\u0142om na Opolszczy\u017anie.<\/p>\n\n\n\n<p class=\"wp-block-paragraph\">Mi\u0119dzy dzia\u0142aniami nacjonalist\u00f3w polskich od Nawrockiego i na skrajnej prawicy a agend\u0105 AfD s\u0105 oczywiste punkty wsp\u00f3lne: antyunijno\u015b\u0107 z wszystkimi tego konsekwencjami, czyli odrzucenie porz\u0105dku zbudowanego na gruzach Europy po Hitlerze i nazizmie, najpierw w Europie Zachodniej i Po\u0142udniowej, a po upadku ZSSR tak\u017ce w by\u0142ych dependencjach Moskwy w Europie \u015arodkowo-Wschodniej. Jest to projekt ma\u0142o konkretny, g\u0142\u00f3wnie oparty na has\u0142ach i emocjach, jak to u populist\u00f3w (niestety nie tylko u nich), ale dostatecznie sprawny w internetach, by podkopywa\u0107 narracj\u0119 si\u0142 prounijnych.<\/p>\n\n\n\n<p class=\"wp-block-paragraph\">Czy to wystarczy, aby po 2029 r., gdyby AFD zdoby\u0142a w\u0142adz\u0119, pojawi\u0142a si\u0119 na stole opcja wsp\u00f3\u0142pracy AfD z Mentzenem i Nawrockim wymierzona w UE, czyli skoordynowana kampania propagandowa w Polsce i w Niemczech za wyj\u015bciem obu pa\u0144stw z Unii? Ka\u017cde dziecko w Europie wie, \u017ce dexit oznacza rozpad UE. Pytanie, czy w ostatniej chwili polscy nacjonali\u015bci nie po\u0142o\u017cyliby si\u0119 jednak Reytanem, bo przecie\u017c skutki negatywne dexitu by\u0142yby niepor\u00f3wnanie dotkliwsze dla Polski ni\u017c dla Niemiec, kt\u00f3re wci\u0105\u017c, mimo pewnych k\u0142opot\u00f3w, maj\u0105 najwi\u0119ksze zasoby w UE i na \u015bwiecie (trzecia gospodarka po US i Chinach). <\/p>\n\n\n\n<p class=\"wp-block-paragraph\">Na razie na nacjonalistycznej prawicy obowi\u0105zuje linia Kaczy\u0144skiego: reparacje, reparacje! Nawrocki grzmia\u0142 na Westerplatte w starym stylu PiS. Wiadomo, \u017ce nawet AfD niczego Polsce nie wyp\u0142ac\u0105, ale podtrzymywanie p\u0142onnych nadziei o ostrzu antyniemieckim to sta\u0142y fragment gry o w\u0142adz\u0119.<\/p>\n","protected":false},"excerpt":{"rendered":"<p>Teraz taki czas, \u017ce najdziksze sny szale\u0144ca mog\u0105 si\u0119 spe\u0142ni\u0107 w demokratycznych wyborach. Zgodnie z chi\u0144skim przekle\u0144stwem &#8222;oby\u015b \u017cy\u0142 w ciekawych czasach&#8221;. Jest coraz ciekawiej: wkr\u00f3tce nacjonalpopuli\u015bci z AfD mog\u0105 zrobi\u0107 kolejny krok ku prze\u0142amaniu kordonu sanitarnego w federalnej polityce niemieckiej, a mianowicie wygra\u0107 wybory w Saksonii-Anhalt. Coraz trudniej b\u0119dzie bojkotowa\u0107 parti\u0119 Tino Chrupally, nomen [&hellip;]<\/p>\n","protected":false},"author":3,"featured_media":0,"comment_status":"open","ping_status":"","sticky":false,"template":"","format":"standard","meta":{"footnotes":""},"categories":[1],"tags":[],"class_list":["post-18458","post","type-post","status-publish","format-standard","hentry","category-gra-w-klasy"],"_links":{"self":[{"href":"https:\/\/blog.polityka.pl\/szostkiewicz\/wp-json\/wp\/v2\/posts\/18458","targetHints":{"allow":["GET"]}}],"collection":[{"href":"https:\/\/blog.polityka.pl\/szostkiewicz\/wp-json\/wp\/v2\/posts"}],"about":[{"href":"https:\/\/blog.polityka.pl\/szostkiewicz\/wp-json\/wp\/v2\/types\/post"}],"author":[{"embeddable":true,"href":"https:\/\/blog.polityka.pl\/szostkiewicz\/wp-json\/wp\/v2\/users\/3"}],"replies":[{"embeddable":true,"href":"https:\/\/blog.polityka.pl\/szostkiewicz\/wp-json\/wp\/v2\/comments?post=18458"}],"version-history":[{"count":10,"href":"https:\/\/blog.polityka.pl\/szostkiewicz\/wp-json\/wp\/v2\/posts\/18458\/revisions"}],"predecessor-version":[{"id":18472,"href":"https:\/\/blog.polityka.pl\/szostkiewicz\/wp-json\/wp\/v2\/posts\/18458\/revisions\/18472"}],"wp:attachment":[{"href":"https:\/\/blog.polityka.pl\/szostkiewicz\/wp-json\/wp\/v2\/media?parent=18458"}],"wp:term":[{"taxonomy":"category","embeddable":true,"href":"https:\/\/blog.polityka.pl\/szostkiewicz\/wp-json\/wp\/v2\/categories?post=18458"},{"taxonomy":"post_tag","embeddable":true,"href":"https:\/\/blog.polityka.pl\/szostkiewicz\/wp-json\/wp\/v2\/tags?post=18458"}],"curies":[{"name":"wp","href":"https:\/\/api.w.org\/{rel}","templated":true}]}}