
{"id":185,"date":"2007-05-07T23:15:39","date_gmt":"2007-05-07T21:15:39","guid":{"rendered":"http:\/\/szostkiewicz.blog.polityka.pl\/?p=185"},"modified":"2007-05-07T23:15:39","modified_gmt":"2007-05-07T21:15:39","slug":"segregacja-wedlug-dorna","status":"publish","type":"post","link":"https:\/\/blog.polityka.pl\/szostkiewicz\/2007\/05\/07\/segregacja-wedlug-dorna\/","title":{"rendered":"Segregacja wed\u0142ug Dorna"},"content":{"rendered":"<p>Marsza\u0142ek Dorn chce podzieli\u0107 dziennikarzy akredytowanych przy Sejmie. Sam pomys\u0142 zaskoczy\u0142 mnie mniej ni\u017c metafora wzi\u0119ta z socjologii republiki rzymskiej. Czy przypadkiem nie zdradzi\u0142a, jak lider PiS wyobra\u017ca sobie idealny \u0142ad spo\u0142eczny? Bo w ko\u0144cu czemu segregowa\u0107 tylko media? PiS, Samoobrona, LPR i ojciec Rydzyk b\u0119d\u0105 arystokracj\u0105 IV RP, ekwitami mianuje si\u0119 sympatyk\u00f3w koalicji, a reszta Polak\u00f3w b\u0119dzie plebejsk\u0105 ho\u0142ot\u0105. Naturalnie \u017cartuj\u0119 &#8211; tak jak marsza\u0142ek.<\/p>\n<p>Wyg\u0142upi\u0142 si\u0119 z t\u0105 segregacj\u0105, jak wcze\u015bniej z braniem lekarzy w kamasze, a mo\u017ce celowo zagra\u0142 na sk\u0142\u00f3cenie medi\u00f3w, kt\u00f3re b\u0119d\u0105 musia\u0142y antyszambrowa\u0107, pokornie dopraszaj\u0105c si\u0119 \u0142aski, czyli bumagi ,,patrycjusza&#8221; dla swojego sejmowego sprawozdawcy. Zaczn\u0105 si\u0119 podchody, a mo\u017ce i naciski: dostaniecie patrycjusza, ale cofniemy, jak b\u0119dziecie za bardzo nam, sejmowi, przeszkadzali w pracy. A szczeg\u00f3lnie uci\u0105\u017cliwych zawalidrog\u00f3w zaraz b\u0119dzie mo\u017cna zdegradowa\u0107 do plebejuszy.<\/p>\n<p>Ale co\u015b w tym nieszcz\u0119snym pomy\u015ble marsza\u0142ka jest. Praca sprawozdawcy w polskim parlamencie mo\u017ce zagra\u017ca\u0107 zdrowiu dziennikarzy, co pokaza\u0142a scena z Katarzyn\u0105 Kolend\u0105 Zalesk\u0105 le\u017c\u0105c\u0105 na ziemi po interwencji ochroniarzy premiera Kaczy\u0144skiego. Premier przys\u0142a\u0142 potem dziennikarce kwiaty, ale rzeczywi\u015bcie co\u015b tu nie gra. Warunki pracy dziennikarzy bywaj\u0105 fatalne, a to odbija si\u0119 na nas, odbiorcach ich relacji.<\/p>\n<p>Jest jeszcze jeden problem. W Polsce do obs\u0142ugi parlamentu posy\u0142a si\u0119 cz\u0119sto faktycznie bardzo m\u0142odych, wi\u0119c pewno niezbyt do\u015bwiadczonych dziennikarzy. Cz\u0119sto mo\u017cna odnie\u015b\u0107 wra\u017cenie, \u017ce oczekuje si\u0119 od nich tylko podsuni\u0119cia pos\u0142owi ,,sitka&#8221; pod nos i przekazania jak najszybciej jakiego\u015b smacznego k\u0105ska do zacytowania na antenie lub w druku &#8211; niewa\u017cne, czy z sensem, byle \u015bmiesznie. Nie jest to dobra praktyka. Korespondenci parlamentarni to w \u015bwiecie elita zawodu. Bywa raczej ukoronowaniem kariery. Komu\u015b takiemu nikt nie \u015bmia\u0142by proponowa\u0107 nie tylko ,,plebejusza&#8221;, ale i ,,patrycjusza&#8221;. Tylko \u017ce takiej elity nie da si\u0119 zbudowa\u0107 biurokratycznie, a\u00a0zw\u0142aszcza metod\u0105 dziel i rz\u0105d\u017a.\u00a0<\/p>\n<p>PS. Dzi\u015b mija 30 lat od \u015bmierci Staszka Pyjasa, mego kolegi z polonistyki UJ, uczestnika studenckiej opozycji demokratycznej. Ludwik Dorn nale\u017ca\u0142 do tego samego ruchu Studenckich Komitet\u00f3w Solidarno\u015bci i chwa\u0142a mu. Szkoda, \u017ce akurat w t\u0119 rocznic\u0119 marsza\u0142ek Dorn trafi\u0142 na czo\u0142\u00f3wki medi\u00f3w z okazji ,,segregacji&#8221;, a nie z okazji rocznicy Staszka.\u00a0\u00a0\u00a0\u00a0\u00a0\u00a0\u00a0\u00a0\u00a0<\/p>\n<p>\u00a0\u00a0\u00a0\u00a0\u00a0\u00a0\u00a0\u00a0\u00a0\u00a0<\/p>\n<p>\u00a0<\/p>\n","protected":false},"excerpt":{"rendered":"<p>Marsza\u0142ek Dorn chce podzieli\u0107 dziennikarzy akredytowanych przy Sejmie. Sam pomys\u0142 zaskoczy\u0142 mnie mniej ni\u017c metafora wzi\u0119ta z socjologii republiki rzymskiej. Czy przypadkiem nie zdradzi\u0142a, jak lider PiS wyobra\u017ca sobie idealny \u0142ad spo\u0142eczny? Bo w ko\u0144cu czemu segregowa\u0107 tylko media? PiS, Samoobrona, LPR i ojciec Rydzyk b\u0119d\u0105 arystokracj\u0105 IV RP, ekwitami mianuje si\u0119 sympatyk\u00f3w koalicji, a [&hellip;]<\/p>\n","protected":false},"author":3,"featured_media":0,"comment_status":"open","ping_status":"open","sticky":false,"template":"","format":"standard","meta":{"footnotes":""},"categories":[1],"tags":[],"_links":{"self":[{"href":"https:\/\/blog.polityka.pl\/szostkiewicz\/wp-json\/wp\/v2\/posts\/185"}],"collection":[{"href":"https:\/\/blog.polityka.pl\/szostkiewicz\/wp-json\/wp\/v2\/posts"}],"about":[{"href":"https:\/\/blog.polityka.pl\/szostkiewicz\/wp-json\/wp\/v2\/types\/post"}],"author":[{"embeddable":true,"href":"https:\/\/blog.polityka.pl\/szostkiewicz\/wp-json\/wp\/v2\/users\/3"}],"replies":[{"embeddable":true,"href":"https:\/\/blog.polityka.pl\/szostkiewicz\/wp-json\/wp\/v2\/comments?post=185"}],"version-history":[{"count":0,"href":"https:\/\/blog.polityka.pl\/szostkiewicz\/wp-json\/wp\/v2\/posts\/185\/revisions"}],"wp:attachment":[{"href":"https:\/\/blog.polityka.pl\/szostkiewicz\/wp-json\/wp\/v2\/media?parent=185"}],"wp:term":[{"taxonomy":"category","embeddable":true,"href":"https:\/\/blog.polityka.pl\/szostkiewicz\/wp-json\/wp\/v2\/categories?post=185"},{"taxonomy":"post_tag","embeddable":true,"href":"https:\/\/blog.polityka.pl\/szostkiewicz\/wp-json\/wp\/v2\/tags?post=185"}],"curies":[{"name":"wp","href":"https:\/\/api.w.org\/{rel}","templated":true}]}}