
{"id":2017,"date":"2013-06-18T23:33:36","date_gmt":"2013-06-18T21:33:36","guid":{"rendered":"http:\/\/szostkiewicz.blog.polityka.pl\/?p=2017"},"modified":"2013-06-18T23:35:14","modified_gmt":"2013-06-18T21:35:14","slug":"pomnik-pis-w-radomiu","status":"publish","type":"post","link":"https:\/\/blog.polityka.pl\/szostkiewicz\/2013\/06\/18\/pomnik-pis-w-radomiu\/","title":{"rendered":"Pomnik PiS w Radomiu"},"content":{"rendered":"<p>Jest pierwszy w Polsce pomnik pary prezydenckiej Marii i Lecha Kaczy\u0144skich. Tak \u0142adny jak pomnik Piotra Skargi w Krakowie i jak pomnik papie\u017ca Polaka przed kr\u00f3lewsk\u0105 katedr\u0105 na Wawelu. <!--more--><\/p>\n<p><a href=\"http:\/\/wiadomosci.gazeta.pl\/wiadomosci\/1,114871,14125763,Radom_ma_pierwszy_w_kraju_pomnik_Lecha_Kaczynskiego.html?lokale=olsztyn#BoxWiadTxt\">http:\/\/wiadomosci.gazeta.pl\/wiadomosci\/1,114871,14125763,Radom_ma_pierwszy_w_kraju_pomnik_Lecha_Kaczynskiego.html?lokale=olsztyn#BoxWiadTxt<\/a><\/p>\n<p>Ale s\u0105 te\u017c plusy dodatnie. Zbudowany ze sk\u0142adek, bez dotacji miejskiej czy pa\u0144stwowej. Niedrogi (ok.300 tys.). No i ma by\u0107 z czego dumny szef spo\u0142ecznego komitetu budowy, tak si\u0119 sk\u0142ada, \u017ce pose\u0142 PiS Marek Suski. S\u0142owem pierwszy pisowski pomnik dla prezydenta z PiS. Ods\u0142oni\u0119ty w dniu urodzin braci Kaczy\u0144skich. Super.<\/p>\n<p>Nie wszyscy w Radomiu tego pomnika chcieli, ale tak ju\u017c jest z pomnikami, \u017ce nie wszyscy ich chc\u0105 i nie wszystkim si\u0119 podobaj\u0105. Na przyk\u0142ad pomniki Jana Paw\u0142a II. Albo monument smole\u0144ski na Pow\u0105zkach (ten mnie akurat si\u0119 podoba).<\/p>\n<p>Przykre w tym drobnym radomskim wydarzeniu jest dla mnie co innego. Przem\u00f3wienie prezesa Kaczy\u0144skiego. Na naszym portalu prof. W\u0142adyka recenzuje wywiad z JK z tygodnika Do Rzeczy. Recenzja mam wra\u017cenie jest pozytywna. Inny Kaczy\u0144ski. Taki jak podczas i tak przegranej kampanii prezydenckiej. Dorzeczny. Ani s\u0142owa o Smole\u0144sku. \u0179le o Gowinie jako ministrze.<\/p>\n<p>Tymczasem dzi\u015b w Radomiu Kaczy\u0144ski zn\u00f3w zmieni\u0142 mask\u0119. Zn\u00f3w m\u00f3wi\u0142 Kaczy\u0144skim niedorzecznym. Pot\u0119\u017cna fala z\u0142a przetacza si\u0119 przez Polsk\u0119. Lech Kaczy\u0144ski potrafi\u0142 z ni\u0105 walczy\u0107. Da\u0142 dow\u00f3d, \u017ce aby by\u0107 dobrym politykiem, trzeba by\u0107 uczciwym. Na pewno by wygra\u0142, gdyby \u017cy\u0142. Itd.<\/p>\n<p>Ani Suski, ani Kaczy\u0144ski ani s\u0142owem nie wspomnieli o Komitecie Obrony Robotnik\u00f3w. Nie pierwszy raz w Radomiu gumkuje si\u0119 z pami\u0119ci spo\u0142ecznej KOR. Jak mo\u017cna chwali\u0107 Lecha Kaczy\u0144skiego za uczciwo\u015b\u0107 (prezes JK), powtarza\u0107, \u017ce wydarzenia radomskie by\u0142y dla Lecha Kaczy\u0144skiego inspiracj\u0105 do walki o niepodleg\u0142o\u015b\u0107 (Suski), a nie wspomnie\u0107 s\u0142owem o K0R, z kt\u00f3rym przysz\u0142y prezydent zreszt\u0105 wsp\u00f3\u0142pracowa\u0142?<\/p>\n<p>Ot\u00f3\u017c okaza\u0142o si\u0119, \u017ce mo\u017cna, a nawet trzeba. Bo przecie\u017c ludu smole\u0144skiego nie mo\u017cna demoralizowa\u0107, konfundowa\u0107, wzbudza\u0107 w nim w\u0105tpliwo\u015bci, przypominaj\u0105c, \u017ce KOR to nie byli tylko ludzie zwi\u0105zani dzi\u015b z PiS: Macierewicz, Naimski czy Romaszewski, lecz tak\u017ce Michnik i Kuro\u0144 czy grupa przedwojennych dzia\u0142aczy socjalist\u00f3w, niekt\u00f3rzy pochodzenia \u017cydowskiego.<\/p>\n<p>Czy kiedy\u015b zdarzy si\u0119 cud radomski: b\u0119d\u0105 kwiaty pod prezydenckim pomnikiem i b\u0119dzie ca\u0142a prawda o tym, kto i jak pomaga\u0142 robotnikom\u00a0 w Radomiu?<\/p>\n","protected":false},"excerpt":{"rendered":"<p>Jest pierwszy w Polsce pomnik pary prezydenckiej Marii i Lecha Kaczy\u0144skich. Tak \u0142adny jak pomnik Piotra Skargi w Krakowie i jak pomnik papie\u017ca Polaka przed kr\u00f3lewsk\u0105 katedr\u0105 na Wawelu.<\/p>\n","protected":false},"author":3,"featured_media":0,"comment_status":"open","ping_status":"closed","sticky":false,"template":"","format":"standard","meta":{"footnotes":""},"categories":[1],"tags":[],"_links":{"self":[{"href":"https:\/\/blog.polityka.pl\/szostkiewicz\/wp-json\/wp\/v2\/posts\/2017"}],"collection":[{"href":"https:\/\/blog.polityka.pl\/szostkiewicz\/wp-json\/wp\/v2\/posts"}],"about":[{"href":"https:\/\/blog.polityka.pl\/szostkiewicz\/wp-json\/wp\/v2\/types\/post"}],"author":[{"embeddable":true,"href":"https:\/\/blog.polityka.pl\/szostkiewicz\/wp-json\/wp\/v2\/users\/3"}],"replies":[{"embeddable":true,"href":"https:\/\/blog.polityka.pl\/szostkiewicz\/wp-json\/wp\/v2\/comments?post=2017"}],"version-history":[{"count":3,"href":"https:\/\/blog.polityka.pl\/szostkiewicz\/wp-json\/wp\/v2\/posts\/2017\/revisions"}],"predecessor-version":[{"id":2020,"href":"https:\/\/blog.polityka.pl\/szostkiewicz\/wp-json\/wp\/v2\/posts\/2017\/revisions\/2020"}],"wp:attachment":[{"href":"https:\/\/blog.polityka.pl\/szostkiewicz\/wp-json\/wp\/v2\/media?parent=2017"}],"wp:term":[{"taxonomy":"category","embeddable":true,"href":"https:\/\/blog.polityka.pl\/szostkiewicz\/wp-json\/wp\/v2\/categories?post=2017"},{"taxonomy":"post_tag","embeddable":true,"href":"https:\/\/blog.polityka.pl\/szostkiewicz\/wp-json\/wp\/v2\/tags?post=2017"}],"curies":[{"name":"wp","href":"https:\/\/api.w.org\/{rel}","templated":true}]}}