
{"id":2048,"date":"2013-07-12T21:17:57","date_gmt":"2013-07-12T19:17:57","guid":{"rendered":"http:\/\/szostkiewicz.blog.polityka.pl\/?p=2048"},"modified":"2013-07-12T22:47:53","modified_gmt":"2013-07-12T20:47:53","slug":"kuria-hosera-zaprzecza","status":"publish","type":"post","link":"https:\/\/blog.polityka.pl\/szostkiewicz\/2013\/07\/12\/kuria-hosera-zaprzecza\/","title":{"rendered":"Kuria Hosera zaprzecza"},"content":{"rendered":"<p>Kuria Hosera zaprzecza<\/p>\n<p>W dniu imienin pryncypa\u0142a Kuria prasko-warszawska wyda\u0142a o\u015bwiadczenie. Zgadnijcie, jakiej tre\u015bci? Tak, oczywi\u015bcie, nie trzeba wielkiej przenikliwo\u015bci, by odgadn\u0105\u0107.\u00a0\u00a0 <a href=\"http:\/\/www.diecezja.waw.pl\/3085\">http:\/\/www.diecezja.waw.pl\/3085<\/a><\/p>\n<p><!--more--><\/p>\n<p>Wola\u0142bym zamiast tego o\u015bwiadczenia us\u0142ysze\u0107, jak sam dygnitarz zaprzecza prosto w oczy, do kamer i przed mikrofonami.<\/p>\n<p>Co do meritum, w moim odczuciu o\u015bwiadczenie kurii nie obala \u015bwiadectwa ks. Lema\u0144skiego.<\/p>\n<p>W kwestii nieszcz\u0119snego pytania o obrzezanie i przynale\u017cno\u015b\u0107 do narodu \u017cydowskiego dokument mno\u017cy figury stylistyczne (w jakim celu, by\u0142oby to absurdalne, bez sensu itp.), ale nie stwierdza jednoznacznie, \u017ce pytania nie pad\u0142y.<\/p>\n<p>Nie mamy niezale\u017cnej mo\u017cliwo\u015bci zajrzenia do akt kurii i przejrzenia odpowiednich dokument\u00f3w dotycz\u0105cych spotkania z stycznia 2010 r. Wiarygodno\u015b\u0107 o\u015bwiadczenia wydanego wiele dni po tym, jak sprawa sta\u0142a si\u0119 publiczna, jest dyskusyjna, a brak podpisu abp. Hosera pod dokumentem zwi\u0119ksza to wra\u017cenie. Ewentualni \u015bwiadkowie spotkania s\u0105 funkcjonariuszami aparatu ko\u015bcielnego, podw\u0142adnymi ordynariusza, wi\u0119c mog\u0105 ulega\u0107 naciskom zniekszta\u0142caj\u0105cym fakty po my\u015bli szefa i w interesie instytucji. Tak wi\u0119c mamy s\u0142owo przeciwko s\u0142owu.<\/p>\n<p>Wa\u017cnym argumentem w dyskusji o wiarygodno\u015bci o\u015bwiadczenia kurialnego jest to, co m\u00f3wi zaprzyja\u017aniony z ks. Lema\u0144skim Zbigniew Nosowski, dzia\u0142acz katolicki wysokiego szczebla, redaktor naczelny miesi\u0119cznika Wi\u0119\u017a.<\/p>\n<p>Nosowski na swoim blogu pisze, \u017ce wszystko, o czym w TOK FM opowiada\u0142 wczoraj ks. Lema\u0144ski &#8211; lustracyjne pytania Hosera o antysemickiej wymowie &#8211; us\u0142ysza\u0142 od poruszonego Lema\u0144skiego ponad trzy lata temu. I \u017ce nie ma podstaw, by s\u0105dzi\u0107, \u017ce ksi\u0105dz wtedy to sobie wymy\u015bli\u0142, by teraz u\u017cy\u0107 do walki z Hoserem. <a href=\"http:\/\/laboratorium.wiez.pl\/blog.php?bl&amp;lepiejkrotkonizwcale&amp;635\">http:\/\/laboratorium.wiez.pl\/blog.php?bl&amp;lepiejkrotkonizwcale&amp;635<\/a><\/p>\n<p>Sprawa jest zatem niezamkni\u0119ta. Mo\u017ce zamknie j\u0105 Watykan. Mam potwierdzenie, \u017ce bliski przyjaciel papie\u017ca Franciszka, rabin Abraham Skorka z Buenos Aires, ju\u017c o niej wie.<\/p>\n","protected":false},"excerpt":{"rendered":"<p>Kuria Hosera zaprzecza W dniu imienin pryncypa\u0142a Kuria prasko-warszawska wyda\u0142a o\u015bwiadczenie. Zgadnijcie, jakiej tre\u015bci? Tak, oczywi\u015bcie, nie trzeba wielkiej przenikliwo\u015bci, by odgadn\u0105\u0107.\u00a0\u00a0 http:\/\/www.diecezja.waw.pl\/3085<\/p>\n","protected":false},"author":3,"featured_media":0,"comment_status":"open","ping_status":"closed","sticky":false,"template":"","format":"standard","meta":{"footnotes":""},"categories":[1],"tags":[],"_links":{"self":[{"href":"https:\/\/blog.polityka.pl\/szostkiewicz\/wp-json\/wp\/v2\/posts\/2048"}],"collection":[{"href":"https:\/\/blog.polityka.pl\/szostkiewicz\/wp-json\/wp\/v2\/posts"}],"about":[{"href":"https:\/\/blog.polityka.pl\/szostkiewicz\/wp-json\/wp\/v2\/types\/post"}],"author":[{"embeddable":true,"href":"https:\/\/blog.polityka.pl\/szostkiewicz\/wp-json\/wp\/v2\/users\/3"}],"replies":[{"embeddable":true,"href":"https:\/\/blog.polityka.pl\/szostkiewicz\/wp-json\/wp\/v2\/comments?post=2048"}],"version-history":[{"count":5,"href":"https:\/\/blog.polityka.pl\/szostkiewicz\/wp-json\/wp\/v2\/posts\/2048\/revisions"}],"predecessor-version":[{"id":2051,"href":"https:\/\/blog.polityka.pl\/szostkiewicz\/wp-json\/wp\/v2\/posts\/2048\/revisions\/2051"}],"wp:attachment":[{"href":"https:\/\/blog.polityka.pl\/szostkiewicz\/wp-json\/wp\/v2\/media?parent=2048"}],"wp:term":[{"taxonomy":"category","embeddable":true,"href":"https:\/\/blog.polityka.pl\/szostkiewicz\/wp-json\/wp\/v2\/categories?post=2048"},{"taxonomy":"post_tag","embeddable":true,"href":"https:\/\/blog.polityka.pl\/szostkiewicz\/wp-json\/wp\/v2\/tags?post=2048"}],"curies":[{"name":"wp","href":"https:\/\/api.w.org\/{rel}","templated":true}]}}