
{"id":2749,"date":"2015-01-03T23:20:20","date_gmt":"2015-01-03T22:20:20","guid":{"rendered":"http:\/\/szostkiewicz.blog.polityka.pl\/?p=2749"},"modified":"2015-01-04T09:01:58","modified_gmt":"2015-01-04T08:01:58","slug":"kultura-singli-czyli-jak-kosciol-strzela-sobie-w-stope","status":"publish","type":"post","link":"https:\/\/blog.polityka.pl\/szostkiewicz\/2015\/01\/03\/kultura-singli-czyli-jak-kosciol-strzela-sobie-w-stope\/","title":{"rendered":"Kultura singli, czyli jak Ko\u015bci\u00f3\u0142 strzela sobie w stop\u0119"},"content":{"rendered":"<p>Abp Marek J\u0119draszewski zaatakowa\u0142 w wywiadzie dla katolickiego tygodnika \u201eIdziemy&#8221; tzw. kultur\u0119 singli. Og\u0142osi\u0142, \u017ce to jest kultura sprzeczna z norm\u0105, kt\u00f3r\u0105 jest rodzina. Chyba zapomnia\u0142, \u017ce sam nale\u017cy do tej kultury.<!--more--><\/p>\n<p>Ze \u015bwieckiej perspektywy bez\u017cenni duchowni mog\u0105 by\u0107 uwa\u017cani za \u201esingli&#8221;. Nie zak\u0142adaj\u0105 rodzin, nie maj\u0105 dzieci, cho\u0107 do tego namawiaj\u0105 wiernych. Niekt\u00f3rzy przeciwnie: maj\u0105 dzieci i partnerki, ale nielegalnie i potajemnie. Z \u015bwieckiej perspektywy s\u0105 ob\u0142udnikami, z katolickiej \u2013 grzesznikami, cho\u0107 Ko\u015bci\u00f3\u0142 oficjalnie rodzin\u0119 i posiadanie dzieci oczywi\u015bcie popiera.<\/p>\n<p>Trudno si\u0119 w tym dopatrze\u0107 sp\u00f3jno\u015bci ko\u015bcielnego przekazu, ale biskupom pokroju J\u0119draszewskiego to jako\u015b nie przeszkadza. Tak przecie\u017c zawsze w Ko\u015bciele by\u0142o, a katoliccy konserwaty\u015bci pokroju bp. J\u0119draszewskiego uwa\u017caj\u0105 to za warto\u015b\u0107, a nie za problem.<\/p>\n<p>\u201eSingli&#8221; w historii Ko\u015bcio\u0142a nie brakuje od samego pocz\u0105tku. Cho\u0107by pod postaci\u0105 pustelnik\u00f3w. Nie ma w tym nic z\u0142ego. Ka\u017cdy ma prawo wyboru: \u017cycie w pojedynk\u0119 albo razem z drug\u0105 osob\u0105. Trudno poj\u0105\u0107, jakim prawem duchowny usi\u0142uje zaszczepi\u0107 negatywny stereotyp singla jako osoby jako\u015b gorszej, bo niezak\u0142adaj\u0105cej rodziny?<\/p>\n<p>Takie wypowiedzi odpychaj\u0105 od Ko\u015bcio\u0142a wiele os\u00f3b. Przecie\u017c J\u0119draszewski nie ma dost\u0119pu do ca\u0142ej wiedzy o tym, czemu ten czy ta \u017cyje w samotno\u015bci. Nie zna przyczyn tej samotno\u015bci, kt\u00f3ra czasem mo\u017ce wynika\u0107 z jakich\u015b bolesnych do\u015bwiadcze\u0144.<\/p>\n<p>Od duchownego, od duszpasterza oczekiwaliby\u015bmy wi\u0119kszej delikatno\u015bci i taktu, wi\u0119cej poszanowania cudzych wybor\u00f3w \u017cyciowych (kt\u00f3re przecie\u017c mog\u0105 si\u0119 zmieni\u0107 z up\u0142ywem czasu). Sk\u0105d u biskupa pycha i pogarda dla \u017cyj\u0105cych inaczej, ni\u017c on by sobie \u017cyczy\u0142?<\/p>\n<p>Single to spo\u0142eczno\u015b\u0107 zr\u00f3\u017cnicowana. S\u0105 w\u015br\u00f3d nich tak\u017ce osoby, kt\u00f3re tak \u017cyj\u0105, bo chc\u0105 tak \u017cy\u0107 i nie uwa\u017caj\u0105, \u017ce to \u201enienormalne&#8221;. Niekt\u00f3re z nich nawet chodz\u0105 do ko\u015bcio\u0142a. I s\u0105 z takiego \u017cycia zadowolone. J\u0119draszewski to jeden z lider\u00f3w katolickiej opinii. Cz\u0142owiek wykszta\u0142cony. Czemu odmawia ludziom prawa do \u017cycia wed\u0142ug w\u0142asnych wyobra\u017ce\u0144 o tym, co dla nich dobre, je\u015bli nie robi\u0105 nikomu niczego z\u0142ego?<\/p>\n<p>To w\u0142a\u015bnie takie wypowiedzi umacniaj\u0105 wizerunek Ko\u015bcio\u0142a zamkni\u0119tego na wsp\u00f3\u0142czesny \u015bwiat. Nie taki Ko\u015bci\u00f3\u0142 g\u0142osi Franciszek i dlatego tak nie lubi\u0105 obecnego papie\u017ca niekt\u00f3rzy katolicy, kt\u00f3rzy woleliby antymodernistyczny sojusz z prawos\u0142awiem, protestanckimi chrze\u015bcijanami ewangelikalnymi (\u201efundamentalistami&#8221;) i islamem.<\/p>\n<p>Od wyniku starcia Franciszkowej wizji Ko\u015bcio\u0142a z wizj\u0105 \u201efrondyst\u00f3w&#8221; w Polsce i poza ni\u0105 zale\u017cy najbli\u017csza przysz\u0142o\u015b\u0107 katolicyzmu. Szczeg\u00f3lnie w Polsce jest to sprawa spo\u0142ecznie znacz\u0105ca, bo &#8211; inaczej ni\u017c na zachodzie Europy &#8211; u nas katolicy s\u0105 wci\u0105\u017c wi\u0119kszo\u015bci\u0105 (a\u017c 40 proc. praktykuje), a Ko\u015bci\u00f3\u0142 w r\u00f3\u017cny spos\u00f3b ma wp\u0142yw tak\u017ce na \u017cycie niewierz\u0105cych. <\/p>\n<p>Dlatego nie nale\u017cy ignorowa\u0107 ko\u015bcielnych wypowiedzi typu tej o \u201enienormalnej&#8221; kulturze singli, cho\u0107 si\u0119 do ko\u015bcio\u0142a nie chodzi.<\/p>\n","protected":false},"excerpt":{"rendered":"<p>Abp Marek J\u0119draszewski zaatakowa\u0142 w wywiadzie dla katolickiego tygodnika \u201eIdziemy&#8221; tzw. kultur\u0119 singli. Og\u0142osi\u0142, \u017ce to jest kultura sprzeczna z norm\u0105, kt\u00f3r\u0105 jest rodzina. Chyba zapomnia\u0142, \u017ce sam nale\u017cy do tej kultury.<\/p>\n","protected":false},"author":3,"featured_media":0,"comment_status":"open","ping_status":"closed","sticky":false,"template":"","format":"standard","meta":{"footnotes":""},"categories":[1],"tags":[],"_links":{"self":[{"href":"https:\/\/blog.polityka.pl\/szostkiewicz\/wp-json\/wp\/v2\/posts\/2749"}],"collection":[{"href":"https:\/\/blog.polityka.pl\/szostkiewicz\/wp-json\/wp\/v2\/posts"}],"about":[{"href":"https:\/\/blog.polityka.pl\/szostkiewicz\/wp-json\/wp\/v2\/types\/post"}],"author":[{"embeddable":true,"href":"https:\/\/blog.polityka.pl\/szostkiewicz\/wp-json\/wp\/v2\/users\/3"}],"replies":[{"embeddable":true,"href":"https:\/\/blog.polityka.pl\/szostkiewicz\/wp-json\/wp\/v2\/comments?post=2749"}],"version-history":[{"count":4,"href":"https:\/\/blog.polityka.pl\/szostkiewicz\/wp-json\/wp\/v2\/posts\/2749\/revisions"}],"predecessor-version":[{"id":2753,"href":"https:\/\/blog.polityka.pl\/szostkiewicz\/wp-json\/wp\/v2\/posts\/2749\/revisions\/2753"}],"wp:attachment":[{"href":"https:\/\/blog.polityka.pl\/szostkiewicz\/wp-json\/wp\/v2\/media?parent=2749"}],"wp:term":[{"taxonomy":"category","embeddable":true,"href":"https:\/\/blog.polityka.pl\/szostkiewicz\/wp-json\/wp\/v2\/categories?post=2749"},{"taxonomy":"post_tag","embeddable":true,"href":"https:\/\/blog.polityka.pl\/szostkiewicz\/wp-json\/wp\/v2\/tags?post=2749"}],"curies":[{"name":"wp","href":"https:\/\/api.w.org\/{rel}","templated":true}]}}