
{"id":291,"date":"2008-02-02T20:41:40","date_gmt":"2008-02-02T19:41:40","guid":{"rendered":"http:\/\/szostkiewicz.blog.polityka.pl\/?p=291"},"modified":"2008-02-03T07:44:06","modified_gmt":"2008-02-03T06:44:06","slug":"wraca-iv-rp","status":"publish","type":"post","link":"https:\/\/blog.polityka.pl\/szostkiewicz\/2008\/02\/02\/wraca-iv-rp\/","title":{"rendered":"Wraca IV RP"},"content":{"rendered":"<p><img loading=\"lazy\" decoding=\"async\" src=\"http:\/\/szostkiewicz.blog.polityka.pl\/wp-content\/uploads\/0maci450.jpg\" alt=\"0maci450.jpg\" title=\"0maci450.jpg\" align=\"middle\" border=\"0\" height=\"675\" hspace=\"5\" vspace=\"5\" width=\"450\" \/><\/p>\n<p><em>Fot. Darek Redos \/ REPORTER<\/em><\/p>\n<p>Lepper zapowiada blokady rolnik\u00f3w, w TV codziennie coraz wi\u0119cej PiS-u. Ju\u017c my\u015bla\u0142em, \u017ce odetchniemy od nich na d\u0142u\u017cej, mo\u017ce na zawsze. Ale nie: wracaj\u0105 i zn\u00f3w krzycz\u0105 z ekranu. Macierewicz zn\u00f3w si\u0119 ironicznie u\u015bmiecha, Kaczy\u0144ski zn\u00f3w peroruje na dowolny temat i nie mo\u017ce sko\u0144czy\u0107. A media podstawiaj\u0105 ,,sitka&#8221;: tak jakby ludzi faktycznie interesowa\u0142a ta stara PiS-owska p\u0142yta, jakby pasjonowali si\u0119 laptopem Ziobry (te\u017c wraca z tym samym u\u015bmiechem wiceboga ), rozk\u0142adem lot\u00f3w z Brukseli itd.<\/p>\n<p>PiS wraca z wykopanym toporem wojennym. Ma nadal dwa razy mniejsze poparcie ni\u017c Platforma, ale wiatru w \u017cagle dodaj\u0105 mu antyrz\u0105dowe roszczeniowe akcje zwi\u0105zkowe. Tak bud\u017cet\u00f3wka reaguje na polityk\u0119 u\u015bmiech\u00f3w premiera Tuska. Teraz albo nigdy: gospodarka si\u0119 kr\u0119ci, Platforma musi by\u0107 inna ni\u017c PiS, startujemy. Policzono, \u017ce suma roszcze\u0144 wynosi kilkana\u015bcie miliard\u00f3w. Nie jestem fanem Platformy, ale uwa\u017cam, \u017ce w tym sporze rz\u0105d Tuska ma racj\u0119: dialogujmy, ale dialog polega na tym, \u017ce si\u0119 wzajemnie s\u0142uchamy, a kompromis na tym, \u017ce obie strony troch\u0119 ust\u0119puj\u0105.<\/p>\n<p>Pose\u0142 Kalisz nazwa\u0142 ministra finans\u00f3w skrajnym monetaryst\u0105. Ale to przecie\u017c komplement: minister finans\u00f3w pilnuje, by nie rozkr\u0119ci\u0142a si\u0119 inflacja. A od polityki spo\u0142ecznej jest premier, szef jego doradc\u00f3w, Micha\u0142 Boni, i minister pracy. Jasne, \u017ce by\u0142oby dobrze, gdyby rz\u0105d Tuska wyprowadzi\u0142 sytuacj\u0119 na prost\u0105, to znaczy zharmonizowa\u0142 polityk\u0119 finansow\u0105 z polityk\u0105 spo\u0142eczn\u0105 &#8211; ale kt\u00f3remu rz\u0105dowi po 1989 r. to si\u0119 w pe\u0142ni uda\u0142o?<\/p>\n<p>A media jakby tego nie widz\u0105. Rozprawiaj\u0105 o nieistotnych szczeg\u00f3\u0142ach, nie zadaj\u0105 pyta\u0144 naprawd\u0119 wa\u017cnych. PiS wraca ze swoj\u0105 zdart\u0105 p\u0142yt\u0105 mi\u0119dzy innymi dzi\u0119ki temu, \u017ce niekt\u00f3re szybkie media jakby si\u0119 znudzi\u0142y odpr\u0119\u017ceniem po wygranej Platformy. Niekt\u00f3rzy anchormani i anchormanki stracili cierpliwo\u015b\u0107 i sami wr\u00f3cili do czasu sprzed wybor\u00f3w: w studiach znowu siadaj\u0105 do s\u0142ownych utarczek ludzie PiS, PO i LiD-u. Tylko patrze\u0107 jak wr\u00f3ci Roman Giertych. B\u0119dzie jeszcze weselej. Wyniki ogl\u0105dalno\u015bci p\u00f3jd\u0105 w g\u00f3r\u0119.<\/p>\n<p>Media myl\u0105 polityczny show z mertytoryczn\u0105 dyskusj\u0105 polityczn\u0105. Nie ka\u017cda kolejna konferencja prasowa PiS, nie ka\u017cde kolejne kazanie Jaros\u0142awa Kaczy\u0144skiego powielane potem przez jego akolit\u00f3w przed kamerami zas\u0142uguje na uwag\u0119 medi\u00f3w i zaproszenie do studia. Tak media pomagaj\u0105 PiS-owi stwarza\u0107 wra\u017cenie, \u017ce ma si\u0119 doskonale i jest prawdziwym rzecznikiem pokrzywdzonych ekonomicznie grup zawodowych. To ju\u017c brali\u015bmy przez dwa lata rz\u0105d\u00f3w PiS i starczy. Na razie jestem spokojny o rz\u0105d Tuska. Da rad\u0119, przepracuje do ko\u0144ca pe\u0142nej kadencji. A do tego czasu p\u0142yta PiS zedrze si\u0119 do ko\u0144ca.<\/p>\n<p>***<\/p>\n<p><strong>PS<\/strong>. BOBOLA &#8211; po po\u015bcie na temat gwa\u0142tu w Exeter prosz\u0119 wi\u0119cej si\u0119 tu nie wpisywa\u0107; poprosz\u0119 administratora, by usuwa\u0142 posty podpisane tym pseudonimem &#8211; miara zosta\u0142a przebrana.<\/p>\n","protected":false},"excerpt":{"rendered":"<p>Fot. Darek Redos \/ REPORTER Lepper zapowiada blokady rolnik\u00f3w, w TV codziennie coraz wi\u0119cej PiS-u. Ju\u017c my\u015bla\u0142em, \u017ce odetchniemy od nich na d\u0142u\u017cej, mo\u017ce na zawsze. Ale nie: wracaj\u0105 i zn\u00f3w krzycz\u0105 z ekranu. Macierewicz zn\u00f3w si\u0119 ironicznie u\u015bmiecha, Kaczy\u0144ski zn\u00f3w peroruje na dowolny temat i nie mo\u017ce sko\u0144czy\u0107. A media podstawiaj\u0105 ,,sitka&#8221;: tak jakby [&hellip;]<\/p>\n","protected":false},"author":3,"featured_media":0,"comment_status":"open","ping_status":"open","sticky":false,"template":"","format":"standard","meta":{"footnotes":""},"categories":[1],"tags":[],"_links":{"self":[{"href":"https:\/\/blog.polityka.pl\/szostkiewicz\/wp-json\/wp\/v2\/posts\/291"}],"collection":[{"href":"https:\/\/blog.polityka.pl\/szostkiewicz\/wp-json\/wp\/v2\/posts"}],"about":[{"href":"https:\/\/blog.polityka.pl\/szostkiewicz\/wp-json\/wp\/v2\/types\/post"}],"author":[{"embeddable":true,"href":"https:\/\/blog.polityka.pl\/szostkiewicz\/wp-json\/wp\/v2\/users\/3"}],"replies":[{"embeddable":true,"href":"https:\/\/blog.polityka.pl\/szostkiewicz\/wp-json\/wp\/v2\/comments?post=291"}],"version-history":[{"count":0,"href":"https:\/\/blog.polityka.pl\/szostkiewicz\/wp-json\/wp\/v2\/posts\/291\/revisions"}],"wp:attachment":[{"href":"https:\/\/blog.polityka.pl\/szostkiewicz\/wp-json\/wp\/v2\/media?parent=291"}],"wp:term":[{"taxonomy":"category","embeddable":true,"href":"https:\/\/blog.polityka.pl\/szostkiewicz\/wp-json\/wp\/v2\/categories?post=291"},{"taxonomy":"post_tag","embeddable":true,"href":"https:\/\/blog.polityka.pl\/szostkiewicz\/wp-json\/wp\/v2\/tags?post=291"}],"curies":[{"name":"wp","href":"https:\/\/api.w.org\/{rel}","templated":true}]}}