
{"id":2963,"date":"2015-05-02T11:56:06","date_gmt":"2015-05-02T09:56:06","guid":{"rendered":"http:\/\/szostkiewicz.blog.polityka.pl\/?p=2963"},"modified":"2015-05-02T12:23:37","modified_gmt":"2015-05-02T10:23:37","slug":"korwinisci-z-kukistami","status":"publish","type":"post","link":"https:\/\/blog.polityka.pl\/szostkiewicz\/2015\/05\/02\/korwinisci-z-kukistami\/","title":{"rendered":"Korwini\u015bci z kukistami"},"content":{"rendered":"<p>Osobliwe rzeczy dziej\u0105 si\u0119 w Polsce. By\u0142y muzyk rockowy startuje w wyborach na najwy\u017cszy urz\u0105d w pa\u0144stwie. Liczba ludzi gotowych na niego g\u0142osowa\u0107 uros\u0142a do ok. 10 proc.! <!--more--><\/p>\n<p>Nawet wytrawni komentatorzy s\u0105 pod wra\u017ceniem. Powtarzaj\u0105, \u017ce Kukiz jest \u201eautentyczny&#8221;. Autentyczno\u015b\u0107 nie jest cnot\u0105, kt\u00f3rej oczekujemy od polityk\u00f3w demokratycznych na pierwszym miejscu. A czy kiedy popiera\u0142 Tuska i Hann\u0119 Gronkiewicz-Waltz, te\u017c by\u0142 autentyczny, czy mo\u017ce dopiero odk\u0105d popar\u0142 Marsz Niepodleg\u0142o\u015bci? <\/p>\n<p>W\u0119dr\u00f3wki od partii do partii w polityce si\u0119 zdarzaj\u0105, lecz rzadko a\u017c tak od \u015bciany do \u015bciany. To znaczy, \u017ce Kukiz tak naprawd\u0119 ma pogl\u0105d tylko w jednej sprawie: jednomandatowych okr\u0119g\u00f3w wyborczych. Zreszt\u0105 b\u0142\u0119dny.<\/p>\n<p>Kukiz wie, \u017ce nie ma szans, ale wie te\u017c, \u017ce staje si\u0119 spo\u0142ecznie rozpoznawalny, a to mo\u017ce si\u0119 okaza\u0107 kapita\u0142em politycznym, kt\u00f3ry mo\u017ce w co\u015b zainwestowa\u0107. Ju\u017c kr\u0105\u017c\u0105 plotki o partii, w kt\u00f3rej korwini\u015bci po\u0142\u0105cz\u0105 si\u0119 z kukistami, tworz\u0105c realn\u0105 si\u0142\u0119 antysystemow\u0105.<\/p>\n<p>Nie wierz\u0119 w ten scenariusz. Wyborcy Korwin-Mikkego i Kukiza s\u0105 tak samo niezdolni do \u017cmudnej roboty partyjnej, jak nowa lewica. <\/p>\n<p>Mog\u0105 si\u0119 skrzykn\u0105\u0107 na flash-mob, zorganizowa\u0107 kilka event\u00f3w, zbiera\u0107 fundusze z crowdfundingu, ale nie potrafi\u0105 si\u0119 zorganizowa\u0107 do trwa\u0142ego, przemy\u015blanego, skoordynowanego dzia\u0142ania. Ca\u0142kiem mo\u017cliwe r\u00f3wnie\u017c, \u017ce mimo deklaracji poparcia dla swych idoli po prostu nie p\u00f3jd\u0105 g\u0142osowa\u0107, bo si\u0119 im odechce albo b\u0119d\u0105 mieli wa\u017cniejsze sprawy na g\u0142owie 10 maja.<\/p>\n<p>Kiedy czyta si\u0119 w prasie rozmowy z r\u00f3\u017cnymi muzykami, raperami, aktorami na tematy polityczne, to obok ca\u0142kiem rozs\u0105dnych znajduje si\u0119 ca\u0142kiem niedorzeczne. <\/p>\n<p>Przyk\u0142ad: rozmowa Kalwasa z Eldo. Kompletna sieczka w g\u0142owie. Encykliki Jana Paw\u0142a II, Dmowski, \u201eideali\u015bci&#8221; z Frondy, no i wiara muzu\u0142ma\u0144ska, na kt\u00f3r\u0105 przeszed\u0142 w 1997. Na kogo mo\u017ce g\u0142osowa\u0107? Pewno na Kukiza, no bo B\u00f3g\/Allah, honor i ojczyzna ich \u0142\u0105czy. I te\u017c go politycznie rzuca\u0142o: od m\u0142odzie\u017c\u00f3wki socjalistycznej do neoendecji.<\/p>\n<p>Kuki\u015bci to powt\u00f3rka z palikotowc\u00f3w, tylko z piecz\u0105tk\u0105 prawicow\u0105. To jest raczej stan umys\u0142u ni\u017c jaki\u015b przemy\u015blany wyb\u00f3r. Dlatego kuki\u015bci sko\u0144cz\u0105 tak samo marnie jak palikotowcy. W ka\u017cdym spo\u0142ecze\u0144stwie jest grupa ludzi (zwykle m\u0142odych), kt\u00f3ra lubi by\u0107 zawsze na kontrze. To w pewnym wieku do\u015b\u0107 pospolite. Potem przechodzi. <\/p>\n<p>\u015awiat okazuje si\u0119 bardziej skomplikowany, ni\u017c my\u015bleli. \u017bycie wymusza kompromisy. Ale to marne pocieszenie, bo dotyczy przysz\u0142o\u015bci, a hucpa dzieje si\u0119 dzi\u015b.<\/p>\n<p>W obecnej kampanii wyborczej uderzaj\u0105 dwie rzeczy: ci\u0105g\u0142e zak\u0142\u00f3canie spotka\u0144 prezydenta Komorowskiego z wyborcami przez grupki politycznych chuligan\u00f3w oraz wystawienie sztucznych kandydat\u00f3w. Na tle Og\u00f3rek, Dudy czy Jarubasa Kukiz faktycznie wypada autentycznie, tylko co z tego? Wystawienie przez dwie znacz\u0105ce partie opozycyjne, PiS i SLD, sztucznych kandydat\u00f3w oznacza albo \u017ce nie zdo\u0142ali znale\u017a\u0107 lepszych, albo \u017ce chcieli w ten spos\u00f3b pomniejszy\u0107 przewidywan\u0105 wygran\u0105 Komorowskiego: e tam, co za sztuka wygra\u0107 z paprotkami.<\/p>\n<p>Jest jeszcze jedna cecha. Rosn\u0105ca nienawi\u015b\u0107. Nie tylko do prezydenta. Nawet po \u015bmierci W\u0142adys\u0142awa Bartoszewskiego nie zaprzestano ani na chwil\u0119 zn\u0119cania si\u0119 nad nim. Prawicowy \u201eprzemys\u0142 pogardy&#8221; pracuje na pe\u0142nych obrotach. Zgadzam si\u0119 z <a href=\"http:\/\/wyborcza.pl\/1,143644,17848211,Uspiona_demokracja.html\" target=\"_blank\">Markiem Beylinem<\/a>: wbrew pozorom nasza demokracja zapada w letarg. Polityczne kr\u00f3liki wyci\u0105gane z B\u00f3g wie czyich kapeluszy nic tu nie pomog\u0105.<\/p>\n","protected":false},"excerpt":{"rendered":"<p>Osobliwe rzeczy dziej\u0105 si\u0119 w Polsce. By\u0142y muzyk rockowy startuje w wyborach na najwy\u017cszy urz\u0105d w pa\u0144stwie. Liczba ludzi gotowych na niego g\u0142osowa\u0107 uros\u0142a do ok. 10 proc.!<\/p>\n","protected":false},"author":3,"featured_media":0,"comment_status":"open","ping_status":"closed","sticky":false,"template":"","format":"standard","meta":{"footnotes":""},"categories":[1],"tags":[],"_links":{"self":[{"href":"https:\/\/blog.polityka.pl\/szostkiewicz\/wp-json\/wp\/v2\/posts\/2963"}],"collection":[{"href":"https:\/\/blog.polityka.pl\/szostkiewicz\/wp-json\/wp\/v2\/posts"}],"about":[{"href":"https:\/\/blog.polityka.pl\/szostkiewicz\/wp-json\/wp\/v2\/types\/post"}],"author":[{"embeddable":true,"href":"https:\/\/blog.polityka.pl\/szostkiewicz\/wp-json\/wp\/v2\/users\/3"}],"replies":[{"embeddable":true,"href":"https:\/\/blog.polityka.pl\/szostkiewicz\/wp-json\/wp\/v2\/comments?post=2963"}],"version-history":[{"count":4,"href":"https:\/\/blog.polityka.pl\/szostkiewicz\/wp-json\/wp\/v2\/posts\/2963\/revisions"}],"predecessor-version":[{"id":2968,"href":"https:\/\/blog.polityka.pl\/szostkiewicz\/wp-json\/wp\/v2\/posts\/2963\/revisions\/2968"}],"wp:attachment":[{"href":"https:\/\/blog.polityka.pl\/szostkiewicz\/wp-json\/wp\/v2\/media?parent=2963"}],"wp:term":[{"taxonomy":"category","embeddable":true,"href":"https:\/\/blog.polityka.pl\/szostkiewicz\/wp-json\/wp\/v2\/categories?post=2963"},{"taxonomy":"post_tag","embeddable":true,"href":"https:\/\/blog.polityka.pl\/szostkiewicz\/wp-json\/wp\/v2\/tags?post=2963"}],"curies":[{"name":"wp","href":"https:\/\/api.w.org\/{rel}","templated":true}]}}