
{"id":2969,"date":"2015-05-05T18:17:41","date_gmt":"2015-05-05T16:17:41","guid":{"rendered":"http:\/\/szostkiewicz.blog.polityka.pl\/?p=2969"},"modified":"2015-05-05T23:12:32","modified_gmt":"2015-05-05T21:12:32","slug":"zlota-horda-o-debacie-przed-debata","status":"publish","type":"post","link":"https:\/\/blog.polityka.pl\/szostkiewicz\/2015\/05\/05\/zlota-horda-o-debacie-przed-debata\/","title":{"rendered":"Z\u0142ota horda. Po debacie"},"content":{"rendered":"<p>Napisa\u0142em przed debat\u0105, \u017ce tylko z obowi\u0105zku publicysty obejrz\u0119 debat\u0119 wyborcz\u0105 w TVP. \u017be prezydent Komorowski s\u0142usznie post\u0105pi\u0142, nie bior\u0105c udzia\u0142u w tym turnieju. I \u017ce powinni\u015bmy wr\u00f3ci\u0107 do przedwojennej zasady, \u017ce prezydenta Polski wybiera parlament. Po debacie mog\u0119 tylko doda\u0107, \u017ce \u201enadal tu stoj\u0119 i inaczej nie mog\u0119&#8221;.<!--more--><\/p>\n<p>Przyj\u0119ta formu\u0142a &#8211; dziennikarz TVP prowadzi, ale nie pyta ani nie komentuje &#8211; pozwoli\u0142a Grzegorzowi Braunowi nie spotka\u0107 s\u0142owa sprzeciwu, gdy wzywa\u0142 publicznie do uwi\u0119zienia\u00a0polityk\u00f3w PO. Takie votum na 1050-lecie chrztu Polski.<\/p>\n<p>Przez p\u00f3\u0142torej godziny us\u0142yszeli\u015bmy pobo\u017cne \u017cyczenia i obietnice (niepoparte podaniem \u017ar\u00f3de\u0142 ich sfinansowania, zw\u0142aszcza \u017ce cz\u0119sto m\u00f3wiono o obni\u017caniu lub likwidacji tych czy innych podatk\u00f3w), deklaracje polityczne na poziomie teleturniej\u00f3w wiedzy obywatelskiej lub popijaw studenckich, bon moty w rodzaju od Wilczka do Wilka albo bez Boga ano do proga, no i naturalnie lawin\u0119 zarzut\u00f3w i pretensji do obecnej w\u0142adzy i do Polski \u201eokr\u0105g\u0142osto\u0142owej&#8221;.<\/p>\n<p>Je\u017cd\u017cono po Unii Europejskiej, Zachodzie, NATO, Ukrai\u0144cach i Ukrainie, chwalono siln\u0105 armi\u0119, siln\u0105 prezydentur\u0119 i\u00a0polityk\u0119 \u201enasza chata z kraja&#8221;, patriotyzm gospodarczy, ochron\u0119 polskiego biznesu przed korporacjami i sieci\u00f3wkami. S\u0142owem co\u015b a la Korea P\u00f3\u0142nocna nad Wis\u0142\u0105. Na tle Dudy, bezbarwnego i przepuszczonego przez maszynk\u0119 polityczno-medialnych spec\u00f3w, szczerzej (co nie znaczy m\u0105drzej) wypadali Kukiz i Korwin, a nawet Kowalski czy Wilk.<\/p>\n<p>Palikot przyj\u0105\u0142 taktyk\u0119 przedstawiania si\u0119 jako jedyny sprawiedliwy w tej politycznej Gomorze &#8211; modernista i libera\u0142 przeciw konserwatywnym troglodytom. To mog\u0142o chwyci\u0107 wcze\u015bniej, dzi\u015b ju\u017c nie, bo Palikot jest mniej wi\u0119cej tak samo wiarygodny jak \u201ekonserwa&#8221; lub stuprocentowi naturszczycy typu Wilka czy Tanajdy.<\/p>\n<p>W morzu bredni zdarza\u0142y si\u0119 wysepki sensu, to jasne. Lecz generalnie debata nie by\u0142a \u017cadn\u0105 debat\u0105, tylko okazj\u0105 do samopromocji osobistej i politycznej.\u00a0Komentatorzy b\u0119d\u0105 teraz usi\u0142owali wyczyta\u0107 z tego show jakie\u015b prognozy prezydenckie i parlamentarne. Zauwa\u017c\u0105 ataki na ludowc\u00f3w, PO i PiS ze strony niekt\u00f3rych aktor\u00f3w tego teatrzyku czy dystans Korwina do JOW-\u00f3w. Ale co z tego? <\/p>\n<p>Albo co ze straszenia wojn\u0105 z Rosj\u0105, do jakiej rzekomo prze Ameryka? Szczerze m\u00f3wi\u0105c, nie dziwi\u0119 si\u0119 tym, kt\u00f3rzy \u201eubogaceni&#8221; tym teatrem grozy w wydaniu dziesi\u0119ciorga prezydenckich pretendent\u00f3w, zaczynaj\u0105 pakowa\u0107 manatki, bo nie widz\u0105 dla siebie przysz\u0142o\u015bci w kraju, kt\u00f3ry by\u0142by rz\u0105dzony wed\u0142ug serwowanych im recept.<\/p>\n<p>Taka debata, jaka demokracja. Ale to za proste. To my ponosimy cz\u0119\u015b\u0107 odpowiedzialno\u015bci za to przykre widowisko, a nie demokracja. Demokracja stwarza ramy formalne, my, obywatele, media, politycy, wyborcy, wype\u0142niamy je tre\u015bci\u0105. Kto\u015b w ko\u0144cu podpisywa\u0142 deklaracje poparcia dla tej z\u0142otej dziesi\u0105tki, w tym dla ludzi, takich jak Grzegorz B. Kto\u015b zaprasza\u0142 go do medi\u00f3w. Kto\u015b broni\u0142 pomys\u0142u debaty z udzia\u0142em tej dziesi\u0105tki plus prezydenta. Kto\u015b uczestniczy\u0142 w kampanii nienawi\u015bci i pogardy.\u00a0Prezydent s\u0142usznie odm\u00f3wi\u0142. Nie powinien przyk\u0142ada\u0107 r\u0119ki do tej antypolityki. A z\u0142ota horda nie mo\u017ce uskar\u017ca\u0107 si\u0119 na wykluczanie z debaty. Bierze w niej udzia\u0142 w mediach tradycyjnych i internetowych intensywniej ni\u017c prezydent, niestety.<\/p>\n<p>Wiem, \u017ce raz przyznanych praw w demokracji si\u0119 nie cofa. Ale obecna kampania prezydencka budzi m\u00f3j prywatny sprzeciw tak mocny, \u017ce zgadzam si\u0119 z tymi, kt\u00f3rzy proponuj\u0105 powr\u00f3t do systemu przedwojennego, w kt\u00f3rym prezydenta Rzeczpospolitej wybiera\u0142 parlament. Wtorkowa pseudo-debata tylko mnie w tym utwierdzi\u0142a.<\/p>\n","protected":false},"excerpt":{"rendered":"<p>Napisa\u0142em przed debat\u0105, \u017ce tylko z obowi\u0105zku publicysty obejrz\u0119 debat\u0119 wyborcz\u0105 w TVP. \u017be prezydent Komorowski s\u0142usznie post\u0105pi\u0142, nie bior\u0105c udzia\u0142u w tym turnieju. I \u017ce powinni\u015bmy wr\u00f3ci\u0107 do przedwojennej zasady, \u017ce prezydenta Polski wybiera parlament. Po debacie mog\u0119 tylko doda\u0107, \u017ce \u201enadal tu stoj\u0119 i inaczej nie mog\u0119&#8221;.<\/p>\n","protected":false},"author":3,"featured_media":0,"comment_status":"open","ping_status":"closed","sticky":false,"template":"","format":"standard","meta":{"footnotes":""},"categories":[1],"tags":[],"_links":{"self":[{"href":"https:\/\/blog.polityka.pl\/szostkiewicz\/wp-json\/wp\/v2\/posts\/2969"}],"collection":[{"href":"https:\/\/blog.polityka.pl\/szostkiewicz\/wp-json\/wp\/v2\/posts"}],"about":[{"href":"https:\/\/blog.polityka.pl\/szostkiewicz\/wp-json\/wp\/v2\/types\/post"}],"author":[{"embeddable":true,"href":"https:\/\/blog.polityka.pl\/szostkiewicz\/wp-json\/wp\/v2\/users\/3"}],"replies":[{"embeddable":true,"href":"https:\/\/blog.polityka.pl\/szostkiewicz\/wp-json\/wp\/v2\/comments?post=2969"}],"version-history":[{"count":8,"href":"https:\/\/blog.polityka.pl\/szostkiewicz\/wp-json\/wp\/v2\/posts\/2969\/revisions"}],"predecessor-version":[{"id":2978,"href":"https:\/\/blog.polityka.pl\/szostkiewicz\/wp-json\/wp\/v2\/posts\/2969\/revisions\/2978"}],"wp:attachment":[{"href":"https:\/\/blog.polityka.pl\/szostkiewicz\/wp-json\/wp\/v2\/media?parent=2969"}],"wp:term":[{"taxonomy":"category","embeddable":true,"href":"https:\/\/blog.polityka.pl\/szostkiewicz\/wp-json\/wp\/v2\/categories?post=2969"},{"taxonomy":"post_tag","embeddable":true,"href":"https:\/\/blog.polityka.pl\/szostkiewicz\/wp-json\/wp\/v2\/tags?post=2969"}],"curies":[{"name":"wp","href":"https:\/\/api.w.org\/{rel}","templated":true}]}}