
{"id":2984,"date":"2015-05-10T23:05:08","date_gmt":"2015-05-10T21:05:08","guid":{"rendered":"http:\/\/szostkiewicz.blog.polityka.pl\/?p=2984"},"modified":"2015-05-10T23:11:47","modified_gmt":"2015-05-10T21:11:47","slug":"gorzko-ale-nie-beznadziejnie","status":"publish","type":"post","link":"https:\/\/blog.polityka.pl\/szostkiewicz\/2015\/05\/10\/gorzko-ale-nie-beznadziejnie\/","title":{"rendered":"Gorzko, ale nie beznadziejnie"},"content":{"rendered":"<p>Z\u0142y wynik prezydenta Komorowskiego mo\u017ce rano ulec poprawie. Albo pogorszeniu. Ale druga tura jest pewna. Coraz mniej pewny jest jednak ostateczny wynik wybor\u00f3w prezydenckich. Jak uda\u0142o si\u0119 prezydentowi utraci\u0107 po\u0142ow\u0119 poparcia, nietrudno odpowiedzie\u0107.<br \/>\n<!--more--><br \/>\nKampania Andrzeja Dudy by\u0142a lepsza, wyskoczy\u0142 Kukiz z konopi, kt\u00f3rego \u201ekupi\u0142&#8221; lud wyborczy, jak przed laty Tymi\u0144skiego (i Palikota w wyborach do Sejmu). Jedna pi\u0105ta g\u0142osuj\u0105cych popar\u0142a cz\u0142owieka bredz\u0105cego o eksterminacji Polski. PiS tylko zaciera\u0142 r\u0119ce. Ze swej strony dowala\u0142a Komorowskiemu stara i nowa lewica, a nawet niekt\u00f3rzy intelektuali\u015bci z dawnej opozycji demokratycznej.<\/p>\n<p>Je\u015bli prezydent ma pokona\u0107 Dud\u0119, nie wystarczy zwyci\u0119stwo w debacie, zreszt\u0105 wcale nieoczywiste, bo wp\u0142yw debat telewizyjnych na decyzje wyborc\u00f3w jest u nas taki sobie. Prawdopodobnie du\u017co wi\u0119kszy jest wp\u0142yw internetu, a tu sztab wyborczy Komorowskiego nie bryluje. Spory mo\u017ce by\u0107 te\u017c wp\u0142yw bezpo\u015brednich spotka\u0144 prezydenta z wyborcami, ale je\u015bli oficjalne wyniki potwierdz\u0105 wygran\u0105 Dudy w pierwszej turze, to rywal Komorowskiego b\u0119dzie na fali, a prezydent w defensywie.<\/p>\n<p>Duda stara si\u0119 przechwyci\u0107 has\u0142a Komorowskiego o zgodzie narodowej. To jest jego s\u0142aby punkt, bo PiS zbudowa\u0142 sw\u0105 pozycj\u0119 na niszczeniu elementarnej wi\u0119zi spo\u0142ecznej i autorytetu pa\u0144stwa, w kt\u00f3rym nie ma w\u0142adzy. Przed drug\u0105 tur\u0105 prezydent powinien demaskowa\u0107 fa\u0142sze w retoryce Dudy. I przedstawi\u0107 swoj\u0105 \u201enarracj\u0119&#8221; o przysz\u0142o\u015bci Polski, mo\u017cliwie konkretn\u0105 i polemiczn\u0105. Przez nadchodz\u0105ce dwa tygodnie musi by\u0107 mniej prezydentem, a bardziej przyw\u00f3dc\u0105 \u201ePolski racjonalnej&#8221;.<\/p>\n","protected":false},"excerpt":{"rendered":"<p>Z\u0142y wynik prezydenta Komorowskiego mo\u017ce rano ulec poprawie. Albo pogorszeniu. Ale druga tura jest pewna. Coraz mniej pewny jest jednak ostateczny wynik wybor\u00f3w prezydenckich. Jak uda\u0142o si\u0119 prezydentowi utraci\u0107 po\u0142ow\u0119 poparcia, nietrudno odpowiedzie\u0107.<\/p>\n","protected":false},"author":3,"featured_media":0,"comment_status":"open","ping_status":"closed","sticky":false,"template":"","format":"standard","meta":{"footnotes":""},"categories":[1],"tags":[],"_links":{"self":[{"href":"https:\/\/blog.polityka.pl\/szostkiewicz\/wp-json\/wp\/v2\/posts\/2984"}],"collection":[{"href":"https:\/\/blog.polityka.pl\/szostkiewicz\/wp-json\/wp\/v2\/posts"}],"about":[{"href":"https:\/\/blog.polityka.pl\/szostkiewicz\/wp-json\/wp\/v2\/types\/post"}],"author":[{"embeddable":true,"href":"https:\/\/blog.polityka.pl\/szostkiewicz\/wp-json\/wp\/v2\/users\/3"}],"replies":[{"embeddable":true,"href":"https:\/\/blog.polityka.pl\/szostkiewicz\/wp-json\/wp\/v2\/comments?post=2984"}],"version-history":[{"count":5,"href":"https:\/\/blog.polityka.pl\/szostkiewicz\/wp-json\/wp\/v2\/posts\/2984\/revisions"}],"predecessor-version":[{"id":2989,"href":"https:\/\/blog.polityka.pl\/szostkiewicz\/wp-json\/wp\/v2\/posts\/2984\/revisions\/2989"}],"wp:attachment":[{"href":"https:\/\/blog.polityka.pl\/szostkiewicz\/wp-json\/wp\/v2\/media?parent=2984"}],"wp:term":[{"taxonomy":"category","embeddable":true,"href":"https:\/\/blog.polityka.pl\/szostkiewicz\/wp-json\/wp\/v2\/categories?post=2984"},{"taxonomy":"post_tag","embeddable":true,"href":"https:\/\/blog.polityka.pl\/szostkiewicz\/wp-json\/wp\/v2\/tags?post=2984"}],"curies":[{"name":"wp","href":"https:\/\/api.w.org\/{rel}","templated":true}]}}