
{"id":2990,"date":"2015-05-12T18:57:33","date_gmt":"2015-05-12T16:57:33","guid":{"rendered":"http:\/\/szostkiewicz.blog.polityka.pl\/?p=2990"},"modified":"2015-05-12T19:08:30","modified_gmt":"2015-05-12T17:08:30","slug":"pis-manipuluje-wyborami","status":"publish","type":"post","link":"https:\/\/blog.polityka.pl\/szostkiewicz\/2015\/05\/12\/pis-manipuluje-wyborami\/","title":{"rendered":"PiS manipuluje wyborami?"},"content":{"rendered":"<p>Dorzucam trzy grosze do <a href=\"http:\/\/kowalczyk.blog.polityka.pl\/2015\/05\/11\/kto-sfalszowal-wybory\/\" target=\"_blank\">satyry wyborczej redakcyjnego kolegi Jacka Kowalczyka<\/a>. Nie ca\u0142kiem \u017cartem.<br \/>\n<!--more--><br \/>\n<a href=\"http:\/\/krakow.gazeta.pl\/krakow\/1,44425,17900879,Sprawdza_zgodnosc_ulotki_kandydata_PiS_z_prawem_wyborczym.html#TRNajCzytSST\" target=\"_blank\">W Krakowie<\/a> do skrzynek pocztowych w jednej z dzielnic powrzucano ulotki idealnie imituj\u0105ce karty wyborcze do g\u0142osowania na prezydenta. Na pierwszym miejscu listy kandydat\u00f3w figuruje Andrzej Duda z krzy\u017cykiem obok nazwiska. Komunikat jest jasny: g\u0142osuj na Dud\u0119, bo mo\u017cesz g\u0142osowa\u0107 tylko na jedno nazwisko.<\/p>\n<p>Sprawa wygl\u0105da do\u015b\u0107 powa\u017cnie, bo ulotki spostrze\u017cono ju\u017c w dniu obj\u0119tym cisz\u0105 wyborcz\u0105, a zg\u0142oszenie o ewentualnym z\u0142amaniu prawa wyborczego przyj\u0119\u0142a Pa\u0144stwowa Komisja Wyborcza. Ja sam w mojej krakowskiej skrzynce pocztowej tej ulotki nie znalaz\u0142em, a w lokalu wyborczym nie wypatrzy\u0142em \u017cadnych \u201estra\u017cnik\u00f3w&#8221; wybor\u00f3w.<\/p>\n<p>Mo\u017ce jednak powinni by\u0107, tylko nie od tego, by przestrzega\u0107 przed trefnymi o\u0142\u00f3wkami, ale aby powstrzyma\u0107 niekt\u00f3rych entuzjast\u00f3w pana Dudy od wrzucania ulotek mog\u0105cych przymusi\u0107 niekt\u00f3rych mniej otrzaskanych wyborc\u00f3w do g\u0142osowania niekoniecznie na tego kandydata, na kt\u00f3rego zamierzali.<\/p>\n<p>S\u0142ysza\u0142em zabawn\u0105 histori\u0119 o starszej pani, kt\u00f3ra przekonywana przez w\u0142asn\u0105 c\u00f3rk\u0119 do g\u0142osowania na prezydenta Komorowskiego przytakiwa\u0142a jej, ale w ostatnim momencie szykowa\u0142a si\u0119 zag\u0142osowa\u0107 na Dud\u0119. Dlaczego? &#8211; Pyta c\u00f3rka. &#8211; Bo ksi\u0105dz m\u00f3wi\u0142, \u017ceby g\u0142osowa\u0107 na Dud\u0119.<\/p>\n<p>Entuzjazm \u201edudziarzy&#8221; pewnie dzi\u015b nieco stopnia\u0142, tak jak przewaga ich idola stopnia\u0142a do nieca\u0142ego procenta. Co b\u0119dzie, je\u015bli Komorowski jednak wygra w II turze? Czy zn\u00f3w us\u0142yszymy o sfa\u0142szowanych wyborach, jak rok temu?<\/p>\n","protected":false},"excerpt":{"rendered":"<p>Dorzucam trzy grosze do satyry wyborczej redakcyjnego kolegi Jacka Kowalczyka. Nie ca\u0142kiem \u017cartem.<\/p>\n","protected":false},"author":3,"featured_media":0,"comment_status":"open","ping_status":"closed","sticky":false,"template":"","format":"standard","meta":{"footnotes":""},"categories":[1],"tags":[],"_links":{"self":[{"href":"https:\/\/blog.polityka.pl\/szostkiewicz\/wp-json\/wp\/v2\/posts\/2990"}],"collection":[{"href":"https:\/\/blog.polityka.pl\/szostkiewicz\/wp-json\/wp\/v2\/posts"}],"about":[{"href":"https:\/\/blog.polityka.pl\/szostkiewicz\/wp-json\/wp\/v2\/types\/post"}],"author":[{"embeddable":true,"href":"https:\/\/blog.polityka.pl\/szostkiewicz\/wp-json\/wp\/v2\/users\/3"}],"replies":[{"embeddable":true,"href":"https:\/\/blog.polityka.pl\/szostkiewicz\/wp-json\/wp\/v2\/comments?post=2990"}],"version-history":[{"count":2,"href":"https:\/\/blog.polityka.pl\/szostkiewicz\/wp-json\/wp\/v2\/posts\/2990\/revisions"}],"predecessor-version":[{"id":2993,"href":"https:\/\/blog.polityka.pl\/szostkiewicz\/wp-json\/wp\/v2\/posts\/2990\/revisions\/2993"}],"wp:attachment":[{"href":"https:\/\/blog.polityka.pl\/szostkiewicz\/wp-json\/wp\/v2\/media?parent=2990"}],"wp:term":[{"taxonomy":"category","embeddable":true,"href":"https:\/\/blog.polityka.pl\/szostkiewicz\/wp-json\/wp\/v2\/categories?post=2990"},{"taxonomy":"post_tag","embeddable":true,"href":"https:\/\/blog.polityka.pl\/szostkiewicz\/wp-json\/wp\/v2\/tags?post=2990"}],"curies":[{"name":"wp","href":"https:\/\/api.w.org\/{rel}","templated":true}]}}