
{"id":2999,"date":"2015-05-19T17:13:50","date_gmt":"2015-05-19T15:13:50","guid":{"rendered":"http:\/\/szostkiewicz.blog.polityka.pl\/?p=2999"},"modified":"2015-05-19T20:15:26","modified_gmt":"2015-05-19T18:15:26","slug":"ludzie-dudy-za-panstwem-wyznaniowym","status":"publish","type":"post","link":"https:\/\/blog.polityka.pl\/szostkiewicz\/2015\/05\/19\/ludzie-dudy-za-panstwem-wyznaniowym\/","title":{"rendered":"Ludzie Dudy za pa\u0144stwem wyznaniowym"},"content":{"rendered":"<p>Przebywanie w pisowskim \u015bwiecie mo\u017ce by\u0107 gro\u017ane dla umys\u0142u m\u0142odego cz\u0142owieka. Pokazuje to przypadek Magdaleny \u017buraw, obecnie asystentki europos\u0142a Andrzeja Dudy, kandydata PiS na prezydenta. <!--more--><\/p>\n<p>Dwie pr\u00f3bki:<\/p>\n<p>Pierwsza &#8211; sprzed prawie pi\u0119ciu lat &#8211; <a href=\"http:\/\/www.prawica.net\/blog\/magdalena-uraw\/16-09-2010\" target=\"_blank\">dotyczy Bronis\u0142awa Komorowskiego<\/a> i pochodzi z bloga asystentki. Prezydent w tym wpisie zosta\u0142 potraktowany po prostu skandalicznie.<\/p>\n<p>W tym samym czasie, cho\u0107 w innym miejscu, <a href=\"http:\/\/www.debata.olsztyn.pl\/blogi\/magdalena-zuraw\/1328-po-szoste-nie-cudzoo.html#!kmt-start=0\" target=\"_blank\">\u017buraw zabra\u0142a g\u0142os w sprawie karania w Iranie kamieniowaniem za cudzo\u0142\u00f3stwo<\/a>. Co prawda nie by\u0142a za kamienowaniem, ale za suwerenno\u015bci\u0105 wymiaru sprawiedliwo\u015bci. Wed\u0142ug \u017buraw, Ira\u0144czycy tak maj\u0105, \u017ce kamienuj\u0105 za cudzo\u0142\u00f3stwo, sodomi\u0119 (homoseksualizm) i apostazj\u0119. Gdyby Iranka nie zdradzi\u0142a m\u0119\u017ca, nie zosta\u0142aby skazana na \u015bmier\u0107. Ale zdradzi\u0142a, a \u201ePa\u0144stwo, nak\u0142adaj\u0105ce w \u015bwietle prawa kary na osob\u0119, kt\u00f3ra dopu\u015bci\u0142a si\u0119 konkretnego przest\u0119pstwa, podpadaj\u0105cego pod konkretny paragraf, jest pa\u0144stwem zdrowym, a przede wszystkim suwerennym. Pa\u0144stwo, kt\u00f3re pod naciskiem opinii publicznej zawiesza wykonywanie wyrok\u00f3w, suwerenne nie jest&#8221;.<\/p>\n<p>Czyli je\u015bli w jakim\u015b pa\u0144stwie skazuje si\u0119 ludzi na \u015bmier\u0107 za takie \u201ezbrodnie&#8221;, to trudno, bo suwerenno\u015b\u0107 pa\u0144stwowa i s\u0105downicza jest wa\u017cniejsza. Jak ta m\u0142oda osoba wyrobi\u0142a sobie takie pogl\u0105dy i jak mog\u0142a zosta\u0107 asystentk\u0105 prawnika kandyduj\u0105cego na prezydenta, jest ponur\u0105 tajemnic\u0105 pisowskich kadrowych.<\/p>\n<p>Ale to nic w por\u00f3wnaniu ze spekulacjami, \u017ce w otoczeniu Dudy jako prezydenta mia\u0142by si\u0119 znale\u017a\u0107 prof. Krzysztof Szczerski. Jako doradca w sprawach mi\u0119dzynarodowych. Prof. Janusz Majcherek przypomina dzi\u015b w \u201eWyborczej&#8221;, \u017ce Szczerski optuje za modelem republiki katolickiej w Polsce. Jego elementem mia\u0142oby by\u0107 obsadzenie Senatu RP biskupami. A to oznacza, \u017ce Ko\u015bci\u00f3\u0142 mia\u0142by bezpo\u015bredni wp\u0142yw na prawo \u015bwieckie.<\/p>\n<p>Prowokacja to czy ignorancja?\u00a0Pewno jedno i drugie. Szczerski szuka poklasku u ludzi pokroju Grzegorza Brauna i Jacka Bartyzela, kt\u00f3rzy t\u0119skni\u0105 za polsk\u0105 monarchi\u0105 arcykatolick\u0105, w kt\u00f3rej Ko\u015bci\u00f3\u0142 rzymski by\u0142by uprzywilejowany, a pa\u0144stwo by\u0142oby jego mieczem.<\/p>\n<p>Ignorancja polega za\u015b na tym, \u017ce od ponad p\u00f3\u0142 wieku prawo ko\u015bcielne zabrania duchownym pe\u0142nienia \u015bwieckich urz\u0119d\u00f3w publicznych. Jan Pawe\u0142 II grozi\u0142 palcem ksi\u0119dzu ministrowi w lewicowym rz\u0105dzie Nikaragui.<\/p>\n<p>Powa\u017cnego profesora UJ z niepowa\u017cn\u0105 asystentk\u0105 \u0142\u0105czy pochwa\u0142a pa\u0144stwa wyznaniowego, bo tym jest zar\u00f3wno ira\u0144ska republika islamska, jak i republika katolicka. Czy wyborcy Dudy naprawd\u0119 chc\u0105 biskup\u00f3w w senacie\u00a0i karania cudzo\u0142\u00f3stwa?<\/p>\n","protected":false},"excerpt":{"rendered":"<p>Przebywanie w pisowskim \u015bwiecie mo\u017ce by\u0107 gro\u017ane dla umys\u0142u m\u0142odego cz\u0142owieka. Pokazuje to przypadek Magdaleny \u017buraw, obecnie asystentki europos\u0142a Andrzeja Dudy, kandydata PiS na prezydenta.<\/p>\n","protected":false},"author":3,"featured_media":0,"comment_status":"open","ping_status":"closed","sticky":false,"template":"","format":"standard","meta":{"footnotes":""},"categories":[1],"tags":[],"_links":{"self":[{"href":"https:\/\/blog.polityka.pl\/szostkiewicz\/wp-json\/wp\/v2\/posts\/2999"}],"collection":[{"href":"https:\/\/blog.polityka.pl\/szostkiewicz\/wp-json\/wp\/v2\/posts"}],"about":[{"href":"https:\/\/blog.polityka.pl\/szostkiewicz\/wp-json\/wp\/v2\/types\/post"}],"author":[{"embeddable":true,"href":"https:\/\/blog.polityka.pl\/szostkiewicz\/wp-json\/wp\/v2\/users\/3"}],"replies":[{"embeddable":true,"href":"https:\/\/blog.polityka.pl\/szostkiewicz\/wp-json\/wp\/v2\/comments?post=2999"}],"version-history":[{"count":8,"href":"https:\/\/blog.polityka.pl\/szostkiewicz\/wp-json\/wp\/v2\/posts\/2999\/revisions"}],"predecessor-version":[{"id":3007,"href":"https:\/\/blog.polityka.pl\/szostkiewicz\/wp-json\/wp\/v2\/posts\/2999\/revisions\/3007"}],"wp:attachment":[{"href":"https:\/\/blog.polityka.pl\/szostkiewicz\/wp-json\/wp\/v2\/media?parent=2999"}],"wp:term":[{"taxonomy":"category","embeddable":true,"href":"https:\/\/blog.polityka.pl\/szostkiewicz\/wp-json\/wp\/v2\/categories?post=2999"},{"taxonomy":"post_tag","embeddable":true,"href":"https:\/\/blog.polityka.pl\/szostkiewicz\/wp-json\/wp\/v2\/tags?post=2999"}],"curies":[{"name":"wp","href":"https:\/\/api.w.org\/{rel}","templated":true}]}}