
{"id":3391,"date":"2015-12-11T16:28:37","date_gmt":"2015-12-11T15:28:37","guid":{"rendered":"http:\/\/szostkiewicz.blog.polityka.pl\/?p=3391"},"modified":"2015-12-11T16:40:40","modified_gmt":"2015-12-11T15:40:40","slug":"kod-erzy-i-prowokatorzy","status":"publish","type":"post","link":"https:\/\/blog.polityka.pl\/szostkiewicz\/2015\/12\/11\/kod-erzy-i-prowokatorzy\/","title":{"rendered":"KOD-erzy i prowokatorzy"},"content":{"rendered":"<p>Mam nadziej\u0119, \u017ce sobotnie demonstracje w obronie demokratycznego pa\u0144stwa prawa przebiegn\u0105 spokojnie, bez przemocy. Pewno\u015bci nie ma. Fa\u0142szywe konto, na kt\u00f3rym dzia\u0142acz KOD rzekomo wyzwa\u0142 do przemocy, to przedsmak tego, co mo\u017ce si\u0119 dzia\u0107 w najbli\u017cszym czasie. To prowokacja, kt\u00f3ra ma dyskredytowa\u0107 demokratyczn\u0105 opozycj\u0119 w pa\u0144stwie pod rz\u0105dami prezesa Kaczy\u0144skiego.<br \/>\n<!--more--><br \/>\nProwokacja jako metoda walki politycznej musi si\u0119 kojarzy\u0107 z ciemnymi kartami historii Polski i Europy. Hitlerowcy podpalili niemiecki parlament, by mie\u0107 pretekst do rozprawy z antynazistami dzia\u0142aj\u0105cymi w r\u00f3\u017cnych formacjach politycznych, ale zjednoczonymi w oporze przeciwko rz\u0105dom Hitlera.<\/p>\n<p>Przeciwnicy demokratycznie wybranego pierwszego prezydenta RP Narutowicza pos\u0142ugiwali si\u0119 prowokacj\u0105, by mobilizowa\u0107 przeciwko niemu prawic\u0119.<\/p>\n<p>Lepiej, kiedy polityka toczy si\u0119 g\u0142\u00f3wnie w parlamencie. Swobodnie. Ale dzi\u015b w Polsce jest to niemo\u017cliwe, wi\u0119c polityka przenosi si\u0119 na ulice. Zaledwie po kilku tygodniach rz\u0105d\u00f3w PiS.<\/p>\n<p>Miodowego miesi\u0105ca nie b\u0119dzie. PiS swoj\u0105 konfrontacyjn\u0105 polityk\u0105 wyprowadza ludzi na ulice \u2013 i tych, kt\u00f3rzy s\u0105 przeciw niej, i tych, kt\u00f3rzy s\u0105 za. Bierze odpowiedzialno\u015b\u0107 polityczn\u0105 za bezpiecze\u0144stwo jednych i drugich.<\/p>\n<p>Tak, jednych i drugich maj\u0105 strzec przed prowokacjami minister B\u0142aszczak i szefowie s\u0142u\u017cb porz\u0105dkowych. Przeciwnicy PiS maj\u0105 takie same prawa obywatelskie jak jego zwolennicy.<\/p>\n<p>Przebieg manifestacji 12 i 13 grudnia b\u0119dzie kolejnym testem, w jakim pa\u0144stwie \u017cyj\u0105 dzi\u015b jego obywatele, robi\u0105cy u\u017cytek ze swych praw.\u00a0Wcze\u015bniejsze &#8211; \u201eu\u0142askawienie&#8221; Kami\u0144skiego i demolowanie Trybuna\u0142u Konstytucyjnego &#8211; PiS obla\u0142o.<\/p>\n","protected":false},"excerpt":{"rendered":"<p>Mam nadziej\u0119, \u017ce sobotnie demonstracje w obronie demokratycznego pa\u0144stwa prawa przebiegn\u0105 spokojnie, bez przemocy. Pewno\u015bci nie ma. Fa\u0142szywe konto, na kt\u00f3rym dzia\u0142acz KOD rzekomo wyzwa\u0142 do przemocy, to przedsmak tego, co mo\u017ce si\u0119 dzia\u0107 w najbli\u017cszym czasie. To prowokacja, kt\u00f3ra ma dyskredytowa\u0107 demokratyczn\u0105 opozycj\u0119 w pa\u0144stwie pod rz\u0105dami prezesa Kaczy\u0144skiego.<\/p>\n","protected":false},"author":3,"featured_media":0,"comment_status":"open","ping_status":"closed","sticky":false,"template":"","format":"standard","meta":{"footnotes":""},"categories":[1],"tags":[],"_links":{"self":[{"href":"https:\/\/blog.polityka.pl\/szostkiewicz\/wp-json\/wp\/v2\/posts\/3391"}],"collection":[{"href":"https:\/\/blog.polityka.pl\/szostkiewicz\/wp-json\/wp\/v2\/posts"}],"about":[{"href":"https:\/\/blog.polityka.pl\/szostkiewicz\/wp-json\/wp\/v2\/types\/post"}],"author":[{"embeddable":true,"href":"https:\/\/blog.polityka.pl\/szostkiewicz\/wp-json\/wp\/v2\/users\/3"}],"replies":[{"embeddable":true,"href":"https:\/\/blog.polityka.pl\/szostkiewicz\/wp-json\/wp\/v2\/comments?post=3391"}],"version-history":[{"count":3,"href":"https:\/\/blog.polityka.pl\/szostkiewicz\/wp-json\/wp\/v2\/posts\/3391\/revisions"}],"predecessor-version":[{"id":3394,"href":"https:\/\/blog.polityka.pl\/szostkiewicz\/wp-json\/wp\/v2\/posts\/3391\/revisions\/3394"}],"wp:attachment":[{"href":"https:\/\/blog.polityka.pl\/szostkiewicz\/wp-json\/wp\/v2\/media?parent=3391"}],"wp:term":[{"taxonomy":"category","embeddable":true,"href":"https:\/\/blog.polityka.pl\/szostkiewicz\/wp-json\/wp\/v2\/categories?post=3391"},{"taxonomy":"post_tag","embeddable":true,"href":"https:\/\/blog.polityka.pl\/szostkiewicz\/wp-json\/wp\/v2\/tags?post=3391"}],"curies":[{"name":"wp","href":"https:\/\/api.w.org\/{rel}","templated":true}]}}