
{"id":3408,"date":"2015-12-16T10:33:47","date_gmt":"2015-12-16T09:33:47","guid":{"rendered":"http:\/\/szostkiewicz.blog.polityka.pl\/?p=3408"},"modified":"2015-12-16T10:52:02","modified_gmt":"2015-12-16T09:52:02","slug":"casus-schulz-czyli-dulszczyzna-w-polskiej-polityce","status":"publish","type":"post","link":"https:\/\/blog.polityka.pl\/szostkiewicz\/2015\/12\/16\/casus-schulz-czyli-dulszczyzna-w-polskiej-polityce\/","title":{"rendered":"Casus Schulz, czyli dulszczyzna w polskiej polityce"},"content":{"rendered":"<p>Przewodnicz\u0105cy Parlamentu Europejskiego Martin Schulz zebra\u0142 ci\u0119gi w Polsce za zaj\u0119cie stanowiska w sprawie prowadzonego przez PiS demonta\u017cu naszej demokracji konstytucyjnej. Mam w tej sprawie zdanie odr\u0119bne.<br \/>\n<!--more--><br \/>\nSchulz mia\u0142 prawo, a mo\u017ce nawet obowi\u0105zek, wypowiedzie\u0107 si\u0119 na ten temat. Unia Europejska nie mo\u017ce si\u0119 nie interesowa\u0107 tym, co dzieje si\u0119 w polityce pi\u0105tego kraju cz\u0142onkowskiego, wa\u017cnego partnera Niemiec, po\u0142o\u017conego na wschodniej flance UE.<\/p>\n<p>Mamy w j\u0119zyku polskim poj\u0119cie \u201edulszczyzny&#8221;. Pochodzi od nazwiska bohaterki sztuki Gabrieli Zapolskiej, pani Dulskiej. Oznacza drobnomieszcza\u0144sk\u0105 ob\u0142ud\u0119, zak\u0142amanie, ko\u0142tu\u0144stwo. \u017be niby brudy pierze si\u0119 we w\u0142asnym domu, a nie wynosi do pralni, czyli na forum publiczne.<\/p>\n<p>Zale\u017cy, jakie brudy. S\u0105 takie, kt\u00f3re wypra\u0107 publicznie jak najbardziej nale\u017cy. Dla zdrowia narodu. Za polityczn\u0105 dulszczyzn\u0119 uwa\u017cam protesty przeciwko wypowiedziom zagranicznym krytycznym wobec polityki polskiej w tej czy innej konkretnej sprawie. Na takie wypowiedzi trzeba umie\u0107 merytorycznie odpowiedzie\u0107, a nie nadyma\u0107 si\u0119 i obra\u017ca\u0107. W ko\u0144cu i politycy polscy, a tak\u017ce nasze media nie szcz\u0119dz\u0105 krytyki na przyk\u0142ad w sprawie dzia\u0142a\u0144 Rosji putinowskiej w Ukrainie czy wcze\u015bniej w Gruzji albo dyktatorskim zap\u0119dom ekipy prezydenta \u0141ukaszenki. I s\u0142usznie.<\/p>\n<p>Nie jest win\u0105 Europy, \u017ce w Polsce dosz\u0142o do kryzysu konstytucyjnego. I to w momencie, kiedy w Europie narasta poparcie dla skrajnej prawicy pod has\u0142ami nacjonalistycznymi, antyimigranckimi i antyeuropejskimi. Polska pod rz\u0105dami PiS jawi si\u0119 Europie jako niepokoj\u0105cy znak zapytania: czy Warszawa Kaczy\u0144skiego do\u0142\u0105czy do tego nurtu? To jest szerszy kontekst wypowiedzi Schulza.<\/p>\n<p>Albo Unia, albo Rosja \u2013 <a href=\"http:\/\/kulturaliberalna.pl\/2015\/12\/15\/twierdza-europa-front-narodowy-i-pis\/\" target=\"_blank\">m\u00f3wi w rozmowie z Kultur\u0105 Liberaln\u0105 prof. Krzysztof Pomian<\/a>, ofiara gomu\u0142kowskich czystek marcowych 1968 r., dzi\u015b profesor filozofii polityki. Je\u015bli Polska wyjdzie z Unii, niechybnie wpadnie w obj\u0119cia Rosji. Podwa\u017canie naszego cz\u0142onkostwa w UE uderza bezpo\u015brednio w polskie interesy. Mimo to obecna ekipa zdaje si\u0119 wycofywa\u0107 z polityki europejskiej w\u0142a\u015bnie w kierunku wschodnim.<\/p>\n<p>Przejawem tego jest zacie\u015bnianie wsp\u00f3\u0142pracy wyszehradzkiej. Czechy, S\u0142owacja, W\u0119gry i Polska maj\u0105 rz\u0105dy eurosceptyczne, niech\u0119tne Niemcom Angeli Merkel, pojednawczo nastawione wobec Rosji. Chcia\u0142bym wiedzie\u0107, czy to ma by\u0107 ten \u201emagiczny pocisk&#8221; polskiej polityki europejskiej ministra Waszczykowskiego. Je\u015bli tak, to patrz wy\u017cej: albo Unia, albo Rosja.<\/p>\n<p>Pog\u0142\u0119bianie podzia\u0142\u00f3w spo\u0142ecznych, tropienie \u201ezdrajc\u00f3w&#8221; i Polak\u00f3w gorszego sortu, destabilizacja prawa i demokracji, uprawianie populistycznego kultu wodzowskiego, has\u0142a o prymacie narodu nad demokratycznie stanowionym prawem &#8211; to s\u0105 poczynania w duchu skrajnej prawicy. Nie mo\u017cna si\u0119 dziwi\u0107, \u017ce Parlament Europejski chce si\u0119 temu przyjrze\u0107 w swobodnej debacie. Prawico, to tylko debata, nie l\u0119kajcie si\u0119!<\/p>\n","protected":false},"excerpt":{"rendered":"<p>Przewodnicz\u0105cy Parlamentu Europejskiego Martin Schulz zebra\u0142 ci\u0119gi w Polsce za zaj\u0119cie stanowiska w sprawie prowadzonego przez PiS demonta\u017cu naszej demokracji konstytucyjnej. Mam w tej sprawie zdanie odr\u0119bne.<\/p>\n","protected":false},"author":3,"featured_media":0,"comment_status":"open","ping_status":"closed","sticky":false,"template":"","format":"standard","meta":{"footnotes":""},"categories":[1],"tags":[],"_links":{"self":[{"href":"https:\/\/blog.polityka.pl\/szostkiewicz\/wp-json\/wp\/v2\/posts\/3408"}],"collection":[{"href":"https:\/\/blog.polityka.pl\/szostkiewicz\/wp-json\/wp\/v2\/posts"}],"about":[{"href":"https:\/\/blog.polityka.pl\/szostkiewicz\/wp-json\/wp\/v2\/types\/post"}],"author":[{"embeddable":true,"href":"https:\/\/blog.polityka.pl\/szostkiewicz\/wp-json\/wp\/v2\/users\/3"}],"replies":[{"embeddable":true,"href":"https:\/\/blog.polityka.pl\/szostkiewicz\/wp-json\/wp\/v2\/comments?post=3408"}],"version-history":[{"count":3,"href":"https:\/\/blog.polityka.pl\/szostkiewicz\/wp-json\/wp\/v2\/posts\/3408\/revisions"}],"predecessor-version":[{"id":3410,"href":"https:\/\/blog.polityka.pl\/szostkiewicz\/wp-json\/wp\/v2\/posts\/3408\/revisions\/3410"}],"wp:attachment":[{"href":"https:\/\/blog.polityka.pl\/szostkiewicz\/wp-json\/wp\/v2\/media?parent=3408"}],"wp:term":[{"taxonomy":"category","embeddable":true,"href":"https:\/\/blog.polityka.pl\/szostkiewicz\/wp-json\/wp\/v2\/categories?post=3408"},{"taxonomy":"post_tag","embeddable":true,"href":"https:\/\/blog.polityka.pl\/szostkiewicz\/wp-json\/wp\/v2\/tags?post=3408"}],"curies":[{"name":"wp","href":"https:\/\/api.w.org\/{rel}","templated":true}]}}