
{"id":343,"date":"2008-06-06T14:20:34","date_gmt":"2008-06-06T12:20:34","guid":{"rendered":"http:\/\/szostkiewicz.blog.polityka.pl\/?p=343"},"modified":"2008-06-06T15:06:15","modified_gmt":"2008-06-06T13:06:15","slug":"tabloid-siegnal-bruku","status":"publish","type":"post","link":"https:\/\/blog.polityka.pl\/szostkiewicz\/2008\/06\/06\/tabloid-siegnal-bruku\/","title":{"rendered":"Tabloid si\u0119gn\u0105\u0142 bruku"},"content":{"rendered":"<p>Co za wstyd, co za g\u0142upota. Polski tabloid wywali\u0142 na ok\u0142adk\u0119 odci\u0119te g\u0142owy niemieckich pi\u0142karzy &#8211; na rozgrzewk\u0119 dla kibic\u00f3w. Ciekawe, jakich? Ilu jest w Polsce takich kiboli co kupi\u0105 gazet\u0119 dla tej ok\u0142adki? Mam nadziej\u0119, \u017ce mniej ni\u017c spodziewali si\u0119 autorzy tego pomys\u0142u z apelem do trenera, by da\u0142 nam (to znaczy komu? bo ja dzi\u0119kuj\u0119) te nieszcz\u0119sne g\u0142owy.<\/p>\n<p>Wyobra\u017amy sobie, \u017ce jutro ok\u0142adk\u0119 w podobnym gu\u015bcie wywali jaki\u015b tabloid niemiecki. Co zrobi\u0105 polskie media? Co zrobi\u0105 germanofobi w naszej polityce? Tu mieliby o wiele lepszy pretekst do podgrzewania nastroj\u00f3w antyniemieckich.<\/p>\n<p>Jak by si\u0119 czuli redaktorzy tego polskiego tabloidu, gdyby zobaczyli swoje odci\u0119te g\u0142owy na ok\u0142adce jakiej\u015b niemieckiej gazety.<\/p>\n<p>Nie chc\u0119 moralizowa\u0107, ale to by\u0142 czarny dzie\u0144 polskiej prasy. Nie szkodzi, \u017ce inne brukowce w Europie te\u017c tak potrafi\u0105.<\/p>\n<p>XXX<\/p>\n<p>,,Pjaj&#8221; &#8211; dzi\u0119ki za te Siemiatycze; co do Zabrza to sprawa chyba wyja\u015bniona. Zygmunt &#8211; Ten blog nie jest referatem naukowym ani artyku\u0142em prasowym, tylko osobist\u0105 reakcj\u0105 na zdarzenia, kt\u00f3re mnie poruszy\u0142y. Oczywi\u015bcie, \u017ce operuj\u0119 skr\u00f3tem, a czasem upraszczam. S\u0142owa wykszta\u0142ciuch nie u\u017cywam w sensie So\u0142\u017cenicyna, tylko ironicznie i w wsp\u00f3\u0142czesnym polskim kontek\u015bcie naszych spor\u00f3w o miejsce inteligencji. Wszystko zacz\u0119\u0142o si\u0119 od antyinteligenckiej nagonki PiS, kt\u00f3ra chcia\u0142a stworzy\u0107 nawet now\u0105 uczelni\u0119 kszta\u0142c\u0105c\u0105 now\u0105, PiS-owsk\u0105 inteligencj\u0119 przeciwko tej starej, kt\u00f3ra wed\u0142ug Dorna, Krasnod\u0119bskiego i innych koryfeuszy PiS jest hamulcowym na drodze w \u015bwietlan\u0105 przysz\u0142o\u015b\u0107 IV RP. Nie \u017cycz\u0119 sobie, by mnie kto\u015b nazywa\u0142 wykszta\u0142ciuchem. A robienie personalnych wytyk\u00f3w pod moim adresem, jak czyni\u0105 to ,,Zygmunt&#8221; czy ,,Pawe\u0142 Krzywulski&#8221;, uwa\u017cam za niegrzeczne. Co do Wroc\u0142awia, trzeba z\u0142ej woli, by z okre\u015blenia ,,pohitlerowska&#8221; wywnioskowa\u0107, \u017ce Hala Ludowa jest dzie\u0142em Hitlera lub hitleryzmu. Jednak przez lata hitlerowcy tam swoje sabaty urz\u0105dzali i ilekro\u0107 widz\u0119 ow\u0105 budowl\u0119, to mi si\u0119 to przypomina. A jednocze\u015bnie &#8211; jakby na odtrutk\u0119 &#8211; przypomina mi si\u0119, \u017ce w tej\u017ce Hali widzia\u0142em w latach 70 wspania\u0142e widowisko ameryka\u0144skiego teatru Bread and Puppet. Dopiero ten koktajl wspomnie\u0144 uwalnia mnie od ci\u0119\u017caru. Je\u017adzi\u0142em wtedy do Wroc\u0142awia jak do Mekki &#8211; na festiwale teatru otwartego, a wcze\u015bniej do Teatru Laboratorium Grotowskiego. Ja, krakowianin z wyboru, a warszawiak z miejsca pracy, uwa\u017cam Wroc\u0142aw za najwspanialej rozwijaj\u0105ce si\u0119 polskie miasto i \u017cycz\u0119 mu jak najlepiej. A architektury totalitarnej czy imperialnej nie polubi\u0119. Zwi\u0105zek mi\u0119dzy Moskw\u0105 stalinowsk\u0105 a drapaczami chmur z lat 30 wydaje mi si\u0119 oczywisty, cho\u0107by w sensie przygn\u0119biaj\u0105cego efektu, jaki te giganty wywo\u0142uj\u0105. ,,Dana 1&#8221; &#8211; ale\u017c tak magia Obamy, Blaira czy Sarko wykorzystywana i pot\u0119gowana przez media s\u0105 dzi\u015b smarem demokracji, mobilizuj\u0105 masy. ,,Geograf&#8221; co do Kennedy&#8217;ego w Berlinie i,,p\u0105czka z mas\u0142em&#8221; (?!) odsy\u0142am do <strong><a target=\"_blank\" href=\"http:\/\/www.polityka.pl\/archive\/do\/registry\/secure\/showArticle?id=3339272\">mego artyku\u0142u<\/a><\/strong>.<\/p>\n","protected":false},"excerpt":{"rendered":"<p>Co za wstyd, co za g\u0142upota. Polski tabloid wywali\u0142 na ok\u0142adk\u0119 odci\u0119te g\u0142owy niemieckich pi\u0142karzy &#8211; na rozgrzewk\u0119 dla kibic\u00f3w. Ciekawe, jakich? Ilu jest w Polsce takich kiboli co kupi\u0105 gazet\u0119 dla tej ok\u0142adki? Mam nadziej\u0119, \u017ce mniej ni\u017c spodziewali si\u0119 autorzy tego pomys\u0142u z apelem do trenera, by da\u0142 nam (to znaczy komu? bo [&hellip;]<\/p>\n","protected":false},"author":3,"featured_media":0,"comment_status":"open","ping_status":"open","sticky":false,"template":"","format":"standard","meta":{"footnotes":""},"categories":[1],"tags":[],"_links":{"self":[{"href":"https:\/\/blog.polityka.pl\/szostkiewicz\/wp-json\/wp\/v2\/posts\/343"}],"collection":[{"href":"https:\/\/blog.polityka.pl\/szostkiewicz\/wp-json\/wp\/v2\/posts"}],"about":[{"href":"https:\/\/blog.polityka.pl\/szostkiewicz\/wp-json\/wp\/v2\/types\/post"}],"author":[{"embeddable":true,"href":"https:\/\/blog.polityka.pl\/szostkiewicz\/wp-json\/wp\/v2\/users\/3"}],"replies":[{"embeddable":true,"href":"https:\/\/blog.polityka.pl\/szostkiewicz\/wp-json\/wp\/v2\/comments?post=343"}],"version-history":[{"count":0,"href":"https:\/\/blog.polityka.pl\/szostkiewicz\/wp-json\/wp\/v2\/posts\/343\/revisions"}],"wp:attachment":[{"href":"https:\/\/blog.polityka.pl\/szostkiewicz\/wp-json\/wp\/v2\/media?parent=343"}],"wp:term":[{"taxonomy":"category","embeddable":true,"href":"https:\/\/blog.polityka.pl\/szostkiewicz\/wp-json\/wp\/v2\/categories?post=343"},{"taxonomy":"post_tag","embeddable":true,"href":"https:\/\/blog.polityka.pl\/szostkiewicz\/wp-json\/wp\/v2\/tags?post=343"}],"curies":[{"name":"wp","href":"https:\/\/api.w.org\/{rel}","templated":true}]}}