
{"id":344,"date":"2008-06-13T23:42:05","date_gmt":"2008-06-13T21:42:05","guid":{"rendered":"http:\/\/szostkiewicz.blog.polityka.pl\/?p=344"},"modified":"2008-06-13T23:42:05","modified_gmt":"2008-06-13T21:42:05","slug":"i-po-lizbonie","status":"publish","type":"post","link":"https:\/\/blog.polityka.pl\/szostkiewicz\/2008\/06\/13\/i-po-lizbonie\/","title":{"rendered":"I po Lizbonie"},"content":{"rendered":"<p>O odrzuceniu traktatu lizbo\u0144skiego\u00a0dowiedzia\u0142em si\u0119 z monitora TV na lotnisku de Gaulle&#8217;a. Du\u017co wi\u0119ksze zainteresowanie wzbudza\u0142a transmisja meczu w ramach EURO 2008. A jednak czwartek 12 czerwca 2008 przejdzie do historii z powodu referendum irlandzkiego, a nie meczu Holandia-Francja. Nie b\u0119dzie to tytu\u0142 do chwa\u0142y, chyba \u017ce dla eurosceptyk\u00f3w.\u00a0Po szoku franko-niderlandzkiego NIE dla unijnej ,,konstytucji&#8221; Europa polityczna musi teraz zabsorbowa\u0107 szok irlandzki. Nie jest do tego przygotowana.<\/p>\n<p>Przez ostatnie 5 dni wys\u0142uchiwa\u0142em w Pary\u017cu ministr\u00f3w Sarkozy&#8217;ego kre\u015bl\u0105cych wizj\u0119 francuskiej prezydencji przed grup\u0105 dziennikarzy ,,nowej&#8221; Europy. Jak jeden m\u0105\u017c, wstrzymywali si\u0119 od spekulacji na temat wyniku referendum i jego skutk\u00f3w i wyra\u017cali umiarkowany optymizm. Przecie\u017c Irlandczycy tyle na Unii skorzystali, jak\u017ceby mogli us\u0142ucha\u0107 obozu anty-europejskiego\u00a0&#8211; przekonywali samych siebie, bo nie \u017curnalist\u00f3w, z kt\u00f3rych wi\u0119kszo\u015b\u0107 &#8211; w tym ja &#8211; z dnia na dzie\u0144 tracili nadziej\u0119 na sukces obozu TAK dla ,,Lizbony&#8221;. Ale w \u015brod\u0119 nawet do wypowiedzi polityk\u00f3w wkrada\u0142 si\u0119 ju\u017c niepok\u00f3j. Nie, nie ma \u017cadnego planu B, \u017cadnego planu zapasowego &#8211; przyznawali. \u00a0\u00a0<\/p>\n<p>Odrzucenie traktatu to nie jest koniec \u015bwiata, jasne, ale z pewno\u015bci\u0105 ostra turbulencja Dwudziestki Si\u00f3demki. Wyj\u015bcie na prost\u0105 zajmie co najmniej dwa lata. Unia po ostatnim rozszerzeniu musi by\u0107 sterowna, NIE dla ,,Lizbony&#8221; w tym nie pomaga. Ale dla zwolennik\u00f3w ,,Nicei&#8221;sprawa wygl\u0105da inaczej. Mog\u0105 by\u0107 zadowoleni z Irlandczyk\u00f3w, \u017ce przed\u0142u\u017cyli \u017cycie ulubionemu traktatowi pos\u0142a Rokity. C\u00f3\u017c, jeden procent europejskiego elektoratu na razie rozstrzygn\u0105\u0142 najbli\u017csz\u0105 przysz\u0142o\u015b\u0107 reformy instytucji unijnych &#8211; na nie.<\/p>\n<p>Krytycy Unii cz\u0119sto wytykaj\u0105 jej deficyt demokracji. No to mamy demokratyczny werdykt blokuj\u0105cy potrzebne\u00a0zmiany. Za rok posypi\u0105 si\u0119 narzekania, \u017ce Unia po rozszerzeniu nie dzia\u0142a. Ale przez Irlandi\u0119 Unia nie ma jak dzia\u0142a\u0107. Tak ko\u0142o si\u0119 zamyka.<\/p>\n<p>A Polska przywita\u0142a mnie kolejnym skandalicznym wybrykiem tabloidu &#8211; pod\u017ceganiem do napadu a mo\u017ce i zabicia s\u0119dziego Webba. Igranie z ogniem, kt\u00f3re mo\u017ce drogo kosztowa\u0107. Lubi\u0119 pi\u0142k\u0119, ale nie\u00a0plemienno\u015b\u0107.\u00a0\u00a0\u00a0\u00a0\u00a0\u00a0\u00a0\u00a0<\/p>\n","protected":false},"excerpt":{"rendered":"<p>O odrzuceniu traktatu lizbo\u0144skiego\u00a0dowiedzia\u0142em si\u0119 z monitora TV na lotnisku de Gaulle&#8217;a. Du\u017co wi\u0119ksze zainteresowanie wzbudza\u0142a transmisja meczu w ramach EURO 2008. A jednak czwartek 12 czerwca 2008 przejdzie do historii z powodu referendum irlandzkiego, a nie meczu Holandia-Francja. Nie b\u0119dzie to tytu\u0142 do chwa\u0142y, chyba \u017ce dla eurosceptyk\u00f3w.\u00a0Po szoku franko-niderlandzkiego NIE dla unijnej ,,konstytucji&#8221; [&hellip;]<\/p>\n","protected":false},"author":3,"featured_media":0,"comment_status":"open","ping_status":"open","sticky":false,"template":"","format":"standard","meta":{"footnotes":""},"categories":[1],"tags":[],"_links":{"self":[{"href":"https:\/\/blog.polityka.pl\/szostkiewicz\/wp-json\/wp\/v2\/posts\/344"}],"collection":[{"href":"https:\/\/blog.polityka.pl\/szostkiewicz\/wp-json\/wp\/v2\/posts"}],"about":[{"href":"https:\/\/blog.polityka.pl\/szostkiewicz\/wp-json\/wp\/v2\/types\/post"}],"author":[{"embeddable":true,"href":"https:\/\/blog.polityka.pl\/szostkiewicz\/wp-json\/wp\/v2\/users\/3"}],"replies":[{"embeddable":true,"href":"https:\/\/blog.polityka.pl\/szostkiewicz\/wp-json\/wp\/v2\/comments?post=344"}],"version-history":[{"count":0,"href":"https:\/\/blog.polityka.pl\/szostkiewicz\/wp-json\/wp\/v2\/posts\/344\/revisions"}],"wp:attachment":[{"href":"https:\/\/blog.polityka.pl\/szostkiewicz\/wp-json\/wp\/v2\/media?parent=344"}],"wp:term":[{"taxonomy":"category","embeddable":true,"href":"https:\/\/blog.polityka.pl\/szostkiewicz\/wp-json\/wp\/v2\/categories?post=344"},{"taxonomy":"post_tag","embeddable":true,"href":"https:\/\/blog.polityka.pl\/szostkiewicz\/wp-json\/wp\/v2\/tags?post=344"}],"curies":[{"name":"wp","href":"https:\/\/api.w.org\/{rel}","templated":true}]}}