
{"id":3522,"date":"2016-02-04T14:54:11","date_gmt":"2016-02-04T13:54:11","guid":{"rendered":"http:\/\/szostkiewicz.blog.polityka.pl\/?p=3522"},"modified":"2016-02-04T16:46:06","modified_gmt":"2016-02-04T15:46:06","slug":"cameron-szuka-poparcia-w-warszawie","status":"publish","type":"post","link":"https:\/\/blog.polityka.pl\/szostkiewicz\/2016\/02\/04\/cameron-szuka-poparcia-w-warszawie\/","title":{"rendered":"Cameron szuka poparcia w Warszawie"},"content":{"rendered":"<p>Premier Wielkiej Brytanii zosta\u0142 zgrillowany w parlamencie po zawarciu wst\u0119pnego porozumienia w sprawie tzw. breksitu.<br \/>\n<!--more--><br \/>\nLewica uwa\u017ca\u0142a, \u017ce Cameron za ma\u0142o si\u0119 przyk\u0142ada do swego zadania. Czyli do przekonania Brytyjczyk\u00f3w, \u017ce warto zosta\u0107 w Unii. Antyunijna cz\u0119\u015b\u0107 prawicy mia\u0142a Cameronowi za z\u0142e zbytni\u0105 ugodowo\u015b\u0107 wzgl\u0119dem Tuska i Brukseli.<\/p>\n<p>Teraz Cameron obje\u017cd\u017ca te stolice, w kt\u00f3rych mo\u017ce szuka\u0107 ewentualnych sprzymierze\u0144c\u00f3w w sprawie rozwodnienia \u201edealu&#8221; z UE, kt\u00f3ry tak naprawd\u0119 jest chyba g\u0142\u00f3wnie \u201efaktem medialnym&#8221;. Wszystko oka\u017ce si\u0119 za dwa tygodnie podczas szczytu Rady Europejskiej.<\/p>\n<p>Po Europie kr\u0105\u017cy te\u017c premier Szyd\u0142o. Ale chyba raczej nie jako misjonarz sprawy Camerona. Francja jest na Brytani\u0119 z\u0142a i \u017cadnych dalszych rokowa\u0144 na temat dalszego cz\u0142onkostwa UK w UE sobie nie \u017cyczy. W Pary\u017cu pani premier zapewne usi\u0142owa\u0142a wyj\u015b\u0107 z twarz\u0105 z helikopterowego kryzysu polsko-francuskiego sprowokowanego przez min. Macierewicza.<\/p>\n<p>Najwa\u017cniejsze, \u017ce Szyd\u0142o odwiedzi te\u017c wkr\u00f3tce Berlin. Mam nadziej\u0119, \u017ce wymowa wizyty b\u0119dzie czytelniejsza ni\u017c wcze\u015bniejszej i spotka\u0144 naszych ministr\u00f3w spraw zagranicznych. Polska nie ma czego szuka\u0107 u boku Brytyjczyk\u00f3w. Nie \u0142\u0105czy nas dzi\u015b wiele poza, bagatela, liczn\u0105 polsk\u0105 mniejszo\u015bci\u0105 na Wyspach. O jej interesy zabiega ka\u017cdy polski rz\u0105d, a ka\u017cdy rz\u0105d brytyjski w ostatnich latach zabiega o jej g\u0142osy. Niech pani premier zajmie si\u0119 wyp\u0142acalno\u015bci\u0105 darowizny 500+ Polakom w Wielkiej Brytanii. Niech nie sk\u0142ada powa\u017cnych eurosceptycznych obietnic Cameronowi.<\/p>\n<p>W interesie Polski \u2013 i zak\u0142adam, \u017ce obecny rz\u0105d to dostrzega \u2013 nie le\u017cy wyj\u015bcie Brytanii z UE. W naszym interesie le\u017c\u0105 jak najlepsze stosunki z ca\u0142\u0105 UE, a przede wszystkim z Niemcami.<\/p>\n","protected":false},"excerpt":{"rendered":"<p>Premier Wielkiej Brytanii zosta\u0142 zgrillowany w parlamencie po zawarciu wst\u0119pnego porozumienia w sprawie tzw. breksitu.<\/p>\n","protected":false},"author":3,"featured_media":0,"comment_status":"open","ping_status":"closed","sticky":false,"template":"","format":"standard","meta":{"footnotes":""},"categories":[1],"tags":[],"_links":{"self":[{"href":"https:\/\/blog.polityka.pl\/szostkiewicz\/wp-json\/wp\/v2\/posts\/3522"}],"collection":[{"href":"https:\/\/blog.polityka.pl\/szostkiewicz\/wp-json\/wp\/v2\/posts"}],"about":[{"href":"https:\/\/blog.polityka.pl\/szostkiewicz\/wp-json\/wp\/v2\/types\/post"}],"author":[{"embeddable":true,"href":"https:\/\/blog.polityka.pl\/szostkiewicz\/wp-json\/wp\/v2\/users\/3"}],"replies":[{"embeddable":true,"href":"https:\/\/blog.polityka.pl\/szostkiewicz\/wp-json\/wp\/v2\/comments?post=3522"}],"version-history":[{"count":3,"href":"https:\/\/blog.polityka.pl\/szostkiewicz\/wp-json\/wp\/v2\/posts\/3522\/revisions"}],"predecessor-version":[{"id":3525,"href":"https:\/\/blog.polityka.pl\/szostkiewicz\/wp-json\/wp\/v2\/posts\/3522\/revisions\/3525"}],"wp:attachment":[{"href":"https:\/\/blog.polityka.pl\/szostkiewicz\/wp-json\/wp\/v2\/media?parent=3522"}],"wp:term":[{"taxonomy":"category","embeddable":true,"href":"https:\/\/blog.polityka.pl\/szostkiewicz\/wp-json\/wp\/v2\/categories?post=3522"},{"taxonomy":"post_tag","embeddable":true,"href":"https:\/\/blog.polityka.pl\/szostkiewicz\/wp-json\/wp\/v2\/tags?post=3522"}],"curies":[{"name":"wp","href":"https:\/\/api.w.org\/{rel}","templated":true}]}}