
{"id":3526,"date":"2016-02-05T19:10:43","date_gmt":"2016-02-05T18:10:43","guid":{"rendered":"http:\/\/szostkiewicz.blog.polityka.pl\/?p=3526"},"modified":"2016-02-05T19:32:52","modified_gmt":"2016-02-05T18:32:52","slug":"kaczynski-zadowolony-ze-spotkania-z-cameronem","status":"publish","type":"post","link":"https:\/\/blog.polityka.pl\/szostkiewicz\/2016\/02\/05\/kaczynski-zadowolony-ze-spotkania-z-cameronem\/","title":{"rendered":"Kaczy\u0144ski zadowolony ze spotkania z Cameronem"},"content":{"rendered":"<p>Premier Wielkiej Brytanii spotka\u0142 si\u0119 w Warszawie z prezesem Kaczy\u0144skim. Nie spotka\u0142 si\u0119 za to z nikim z lider\u00f3w opozycji. Nie musia\u0142, ale w obecnej sytuacji politycznej to gest znacz\u0105cy.<br \/>\n<!--more--><br \/>\nJe\u015bli prezes Kaczy\u0144ski jest bardzo zadowolony, to opozycja powinna ustali\u0107 tego powody i przedstawi\u0107 swoje stanowisko opinii publicznej. Je\u015bli prezes jest zadowolony, to opozycja zapewne nie ma si\u0119 z czego cieszy\u0107. Chyba \u017ce ma podobne zdanie co ob\u00f3z rz\u0105dz\u0105cy.<\/p>\n<p>Kaczy\u0144ski mo\u017ce si\u0119 cieszy\u0107 tylko z tego, \u017ce dosta\u0142 od Camerona obietnic\u0119, i\u017c Londyn b\u0119dzie broni\u0142 rz\u0105d PiS przed \u201eatakami&#8221; lider\u00f3w europejskich zaniepokojonych naruszaniem przez now\u0105 w\u0142adz\u0119 zasad i regu\u0142 demokratycznych.<\/p>\n<p>Ale co mu obieca\u0142 w zamian? Milczenie w sprawie skasowania zasi\u0142k\u00f3w dla Polak\u00f3w mieszkaj\u0105cych na Wyspach? Niemo\u017cliwe, bo to by\u0142oby jawne ju\u017c upokorzenie premier Szyd\u0142o, kt\u00f3ra zapewnia, \u017ce sprawy Polak\u00f3w na Wyspach id\u0105 w dobr\u0105 stron\u0119. By\u0107 mo\u017ce obieca\u0142 poparcie Polski dla \u201ehamulca bezpiecze\u0144stwa&#8221;.<\/p>\n<p>Cameron z Warszawy polecia\u0142 do Danii, gdzie us\u0142ysza\u0142, \u017ce Kopenhaga w pe\u0142ni popiera plan reform unijnych zg\u0142oszonych przez Londyn. O co gra Cameron, jest jasne: o utrzymanie si\u0119 u w\u0142adzy. Mo\u017ce j\u0105 utraci\u0107, je\u015bli w referendum wi\u0119kszo\u015b\u0107 g\u0142osuj\u0105cych b\u0119dzie za wyj\u015bciem z UE. Cameron nie jest za breksitem. Ale napotyka na coraz silniejszy op\u00f3r nawet we w\u0142asnej partii.<\/p>\n<p>Je\u015bli oka\u017ce si\u0119 m\u0119\u017cem stanu, nie ulegnie. Unia musi p\u00f3j\u015b\u0107 na kompromis, przyjmuj\u0105c porozumienie z Cameronem, je\u015bli zale\u017cy jej na pozostaniu Brytyjczyk\u00f3w.<\/p>\n<p>Gra jest wi\u0119c jasna. A o co gra prezes Kaczy\u0144ski? W Polsce nastroje nie s\u0105 antyeuropejskie, a nawet eurosceptyczne. W PiS nie ma frakcji z has\u0142em \u201ePolexit&#8221; na sztandarach. To na razie zdarza si\u0119 tylko na marginesie polskiej polityki (chyba \u017ce skrystalizuje si\u0119 ona wok\u00f3\u0142 Kukiza). Premier Szyd\u0142o oficjalnie o\u015bwiadcza, \u017ce jest za Uni\u0105 i za pozostaniem w Unii Wlk. Brytanii.<\/p>\n<p>Kaczy\u0144ski zdaje si\u0119 my\u015ble\u0107, \u017ce mo\u017cna prowadzi\u0107 polityk\u0119 polsk\u0105 niezale\u017cnie od europejskiej. Ta mylna diagnoza przewija si\u0119 w wyst\u0105pieniach polityk\u00f3w PiS i prawicy. Ale si\u0119 nie da, zw\u0142aszcza je\u015bli si\u0119 jest Polsk\u0105, \u201eBo\u017cym placem zabaw&#8221;.<\/p>\n<p>Rozmi\u0119kczanie integracji europejskiej mo\u017ce pasowa\u0107 Londynowi i na pewno pasuje Moskwie, ale polski rz\u0105d nie powinien do tego przyk\u0142ada\u0107 r\u0119ki. Nawet tak eurosceptyczny jak obecny. Polska bez Unii czy poza Uni\u0105 nie b\u0119dzie ciekawa dla Europy i \u015bwiata, jak jest teraz. Nasza polityczna droga w Europie prowadzi g\u0142\u00f3wnie przez Berlin i Pary\u017c.<\/p>\n","protected":false},"excerpt":{"rendered":"<p>Premier Wielkiej Brytanii spotka\u0142 si\u0119 w Warszawie z prezesem Kaczy\u0144skim. Nie spotka\u0142 si\u0119 za to z nikim z lider\u00f3w opozycji. Nie musia\u0142, ale w obecnej sytuacji politycznej to gest znacz\u0105cy.<\/p>\n","protected":false},"author":3,"featured_media":0,"comment_status":"open","ping_status":"closed","sticky":false,"template":"","format":"standard","meta":{"footnotes":""},"categories":[1],"tags":[],"_links":{"self":[{"href":"https:\/\/blog.polityka.pl\/szostkiewicz\/wp-json\/wp\/v2\/posts\/3526"}],"collection":[{"href":"https:\/\/blog.polityka.pl\/szostkiewicz\/wp-json\/wp\/v2\/posts"}],"about":[{"href":"https:\/\/blog.polityka.pl\/szostkiewicz\/wp-json\/wp\/v2\/types\/post"}],"author":[{"embeddable":true,"href":"https:\/\/blog.polityka.pl\/szostkiewicz\/wp-json\/wp\/v2\/users\/3"}],"replies":[{"embeddable":true,"href":"https:\/\/blog.polityka.pl\/szostkiewicz\/wp-json\/wp\/v2\/comments?post=3526"}],"version-history":[{"count":3,"href":"https:\/\/blog.polityka.pl\/szostkiewicz\/wp-json\/wp\/v2\/posts\/3526\/revisions"}],"predecessor-version":[{"id":3530,"href":"https:\/\/blog.polityka.pl\/szostkiewicz\/wp-json\/wp\/v2\/posts\/3526\/revisions\/3530"}],"wp:attachment":[{"href":"https:\/\/blog.polityka.pl\/szostkiewicz\/wp-json\/wp\/v2\/media?parent=3526"}],"wp:term":[{"taxonomy":"category","embeddable":true,"href":"https:\/\/blog.polityka.pl\/szostkiewicz\/wp-json\/wp\/v2\/categories?post=3526"},{"taxonomy":"post_tag","embeddable":true,"href":"https:\/\/blog.polityka.pl\/szostkiewicz\/wp-json\/wp\/v2\/tags?post=3526"}],"curies":[{"name":"wp","href":"https:\/\/api.w.org\/{rel}","templated":true}]}}