
{"id":3957,"date":"2016-07-05T15:31:43","date_gmt":"2016-07-05T13:31:43","guid":{"rendered":"http:\/\/szostkiewicz.blog.polityka.pl\/?p=3957"},"modified":"2016-07-05T16:05:50","modified_gmt":"2016-07-05T14:05:50","slug":"czarna-lista-instytutow-kultury","status":"publish","type":"post","link":"https:\/\/blog.polityka.pl\/szostkiewicz\/2016\/07\/05\/czarna-lista-instytutow-kultury\/","title":{"rendered":"Czarna lista Instytut\u00f3w Kultury"},"content":{"rendered":"<p>Pisowscy dygnitarze w Warszawie, panowie Dziedziczak i Czaputowicz z MSZ, postanowili ukara\u0107 znanego austriackiego pisarza i przyjaciela Polski Martina Pollacka za to, \u017ce nie ma pogl\u0105d\u00f3w pisowskich. Podleg\u0142y min. Dziedziczakowi Instytut Polski w Wiedniu poinformowa\u0142 Pollacka, \u017ce zapowiadanego wcze\u015bniej spotkania z polskim dziennikarzem Springerem, kt\u00f3re mia\u0142 poprowadzi\u0107, nie\u00a0 b\u0119dzie i powinien si\u0119 domy\u015bla\u0107, dlaczego nie b\u0119dzie.<br \/>\n<!--more--><br \/>\nNie b\u0119dzie, bo wiede\u0144ska Polonia donios\u0142a do Warszawy, \u017ce Pollack wydrukowa\u0142 krytyczny artyku\u0142 w prasie austriackiej o Polsce pod rz\u0105dami Kaczy\u0144skiego. Oto dlaczego Pollack nie mo\u017ce ju\u017c prowadzi\u0107 spotka\u0144 w Instytucie Polskim. Proste jak konstrukcja cepa. Tym cepem PiS zaczyna teraz porz\u0105dkowa\u0107 polsk\u0105 kultur\u0119. <a href=\"http:\/\/wyborcza.pl\/1,75399,20350837,pollack-na-pis-owskim-indeksie.html\" target=\"_blank\">Bartosz Wieli\u0144ski pisze<\/a> przy okazji w &#8222;GW&#8221;, \u017ce osob\u0105 niepo\u017c\u0105dan\u0105 w Instytutach Polskich jest tak\u017ce pisarka polska Olga Tokarczuk.<\/p>\n<p>Panowie ministrowie, kto jeszcze jest na Waszych czarnych listach? Opinia publiczna ma prawo to wiedzie\u0107! Kogo i dlaczego nie uwa\u017cacie za ludzi godnych wyst\u0105pienia w Instytutach Polskich za Waszych rz\u0105d\u00f3w? Tokarczuk krytykuje pisowsk\u0105 polityk\u0119 i mentalno\u015b\u0107. Czy &#8222;dobra zmiana&#8221; w kulturze ma polega\u0107 na usuwaniu z pola widzenia os\u00f3b, kt\u00f3re nowej w\u0142adzy podpad\u0142y?<\/p>\n<p>Tak dzia\u0142a\u0142a PRL, gdzie pisarzom, poetom i innym tw\u00f3rcom kultury, \u017ale widzianym przez \u00f3wczesne w\u0142adze, grozi\u0142o usuni\u0119cie na margines \u017cycia publicznego. Na komunistyczny indeks autor\u00f3w zakazanych trafia\u0142y najlepsze pi\u00f3ra. Spotka\u0142o to np. Jerzego Andrzejewskiego i Stanis\u0142awa Bara\u0144czaka za wsp\u00f3\u0142prac\u0119 z Komitetem Obrony Robotnik\u00f3w.<\/p>\n<p>Czy &#8222;dobra zmiana&#8221; w kulturze ma by\u0107 powt\u00f3rk\u0105 polityki kulturalnej PRL? Nie b\u0119dzie w niej miejsca dla prawdziwych niepokornych, a tylko dla tw\u00f3rc\u00f3w i entuzjast\u00f3w Polski pisowskiej? Ostrzegam, \u017ce polityka PRL sko\u0144czy\u0142a si\u0119 krachem. To, co najlepsze w kulturze, zesz\u0142o do podziemia, to, co mierne, wysz\u0142o na pierwszy plan, ale po upadku systemu nikt o tej grupie konformist\u00f3w i kolaborant\u00f3w ju\u017c nie pami\u0119ta\u0142.<\/p>\n<p>M\u0105dra polityka kulturalna nie obra\u017ca si\u0119 na tw\u00f3rc\u00f3w, kt\u00f3rzy krytykuj\u0105 w\u0142adz\u0119. Spo\u0142eczna rola kultury polega na tym, \u017ceby ostrzega\u0142a przed z\u0142em. &#8222;Zbanowany&#8221; przez dyrektora wiede\u0144skiego Instytutu Polskiego Martin Polack jest twardym krytykiem nie tylko PiS, ale te\u017c nazistowskich sk\u0142onno\u015bci niekt\u00f3rych Austriak\u00f3w i przyjacielem kultury polskiej.\u00a0Je\u015bli Dziedziczak z Czaputowiczem takich ludzi jak Pollack uwa\u017caj\u0105 za wrog\u00f3w, to kogo uwa\u017caj\u0105 za przyjaci\u00f3\u0142?<\/p>\n","protected":false},"excerpt":{"rendered":"<p>Pisowscy dygnitarze w Warszawie, panowie Dziedziczak i Czaputowicz z MSZ, postanowili ukara\u0107 znanego austriackiego pisarza i przyjaciela Polski Martina Pollacka za to, \u017ce nie ma pogl\u0105d\u00f3w pisowskich. Podleg\u0142y min. Dziedziczakowi Instytut Polski w Wiedniu poinformowa\u0142 Pollacka, \u017ce zapowiadanego wcze\u015bniej spotkania z polskim dziennikarzem Springerem, kt\u00f3re mia\u0142 poprowadzi\u0107, nie\u00a0 b\u0119dzie i powinien si\u0119 domy\u015bla\u0107, dlaczego nie [&hellip;]<\/p>\n","protected":false},"author":3,"featured_media":0,"comment_status":"open","ping_status":"closed","sticky":false,"template":"","format":"standard","meta":{"footnotes":""},"categories":[1],"tags":[],"_links":{"self":[{"href":"https:\/\/blog.polityka.pl\/szostkiewicz\/wp-json\/wp\/v2\/posts\/3957"}],"collection":[{"href":"https:\/\/blog.polityka.pl\/szostkiewicz\/wp-json\/wp\/v2\/posts"}],"about":[{"href":"https:\/\/blog.polityka.pl\/szostkiewicz\/wp-json\/wp\/v2\/types\/post"}],"author":[{"embeddable":true,"href":"https:\/\/blog.polityka.pl\/szostkiewicz\/wp-json\/wp\/v2\/users\/3"}],"replies":[{"embeddable":true,"href":"https:\/\/blog.polityka.pl\/szostkiewicz\/wp-json\/wp\/v2\/comments?post=3957"}],"version-history":[{"count":3,"href":"https:\/\/blog.polityka.pl\/szostkiewicz\/wp-json\/wp\/v2\/posts\/3957\/revisions"}],"predecessor-version":[{"id":3960,"href":"https:\/\/blog.polityka.pl\/szostkiewicz\/wp-json\/wp\/v2\/posts\/3957\/revisions\/3960"}],"wp:attachment":[{"href":"https:\/\/blog.polityka.pl\/szostkiewicz\/wp-json\/wp\/v2\/media?parent=3957"}],"wp:term":[{"taxonomy":"category","embeddable":true,"href":"https:\/\/blog.polityka.pl\/szostkiewicz\/wp-json\/wp\/v2\/categories?post=3957"},{"taxonomy":"post_tag","embeddable":true,"href":"https:\/\/blog.polityka.pl\/szostkiewicz\/wp-json\/wp\/v2\/tags?post=3957"}],"curies":[{"name":"wp","href":"https:\/\/api.w.org\/{rel}","templated":true}]}}