
{"id":3978,"date":"2016-07-15T23:51:24","date_gmt":"2016-07-15T21:51:24","guid":{"rendered":"http:\/\/szostkiewicz.blog.polityka.pl\/?p=3978"},"modified":"2016-07-16T12:00:11","modified_gmt":"2016-07-16T10:00:11","slug":"zaprowadza-porzadek-w-ankarze","status":"publish","type":"post","link":"https:\/\/blog.polityka.pl\/szostkiewicz\/2016\/07\/15\/zaprowadza-porzadek-w-ankarze\/","title":{"rendered":"Zaprowadz\u0105 porz\u0105dek w Ankarze?"},"content":{"rendered":"<p>Historia z dnia na dzie\u0144, ba, z godziny na godzin\u0119, przyspiesza. Czy prezydent Erdo\u011fan podzieli los prezydenta Egiptu Morskiego, islamisty obalonego przez proameryka\u0144skich wojskowych?<br \/>\n<!--more--><br \/>\nWszystko to oznacza, \u017ce i tak skrajnie trudna sytuacja w regionie stanie si\u0119 jeszcze trudniejsza. Mo\u017ce przynie\u015b\u0107 prze\u0142om, lecz nie wiadomo, w jakim kierunku.<\/p>\n<p>Opcje s\u0105 dwie: Turcja zacznie wraca\u0107 do obozu pa\u0144stw zachodnich. I to by\u0142aby wiadomo\u015b\u0107 lepsza. Albo pogr\u0105\u017cy si\u0119 w chaosie, a nawet wojnie domowej, co by\u0142oby wiadomo\u015bci\u0105 jeszcze gorsz\u0105 ni\u017c ta o zamachu stanu.<\/p>\n<p>Napi\u0119cie w Turcji nasila si\u0119 od miesi\u0119cy. To efekt coraz wi\u0119kszej politycznej megalomanii prezydenta Erdo\u011fana i fatalnej w skutkach polityki wewn\u0119trznej i zagranicznej Ankary. Islamizacja w po\u0142\u0105czeniu z ambicj\u0105 zostania mocarstwem regionalnym to mieszanka wybuchowa.<\/p>\n<p>Upadkiem rz\u0105d\u00f3w Erdo\u011fana mogliby by\u0107 zainteresowani przyw\u00f3dcy nie tylko Iranu czy Arabii Saudyjskiej, ale Rosji, a nawet USA, cho\u0107 naturalnie nikt si\u0119 do tego otwarcie nie przyzna.<\/p>\n<p>Dla Waszyngtonu wojskowy zamach stanu w Turcji to jednak wielkie wyzwanie. Ekipa Erdo\u011fana by\u0142a wybrana demokratycznie, Ameryka nie mo\u017ce oficjalnie poprze\u0107 si\u0142, kt\u00f3re dokona\u0142y antydemokratycznego zamachu, nawet je\u015bli deklaruj\u0105 one, \u017ce czyni\u0105 to w obronie demokracji i praw cz\u0142owieka w Turcji.<\/p>\n<p>Turcja jest jednak wa\u017cnym sojusznikiem Zachodu w regionie i strategicznym pa\u0144stwem cz\u0142onkowskim NATO. Zach\u00f3d nie mo\u017ce sobie pozwoli\u0107 na utrat\u0119 Turcji w tej roli.<\/p>\n","protected":false},"excerpt":{"rendered":"<p>Historia z dnia na dzie\u0144, ba, z godziny na godzin\u0119, przyspiesza. Czy prezydent Erdo\u011fan podzieli los prezydenta Egiptu Morskiego, islamisty obalonego przez proameryka\u0144skich wojskowych?<\/p>\n","protected":false},"author":3,"featured_media":0,"comment_status":"open","ping_status":"closed","sticky":false,"template":"","format":"standard","meta":{"footnotes":""},"categories":[1],"tags":[],"_links":{"self":[{"href":"https:\/\/blog.polityka.pl\/szostkiewicz\/wp-json\/wp\/v2\/posts\/3978"}],"collection":[{"href":"https:\/\/blog.polityka.pl\/szostkiewicz\/wp-json\/wp\/v2\/posts"}],"about":[{"href":"https:\/\/blog.polityka.pl\/szostkiewicz\/wp-json\/wp\/v2\/types\/post"}],"author":[{"embeddable":true,"href":"https:\/\/blog.polityka.pl\/szostkiewicz\/wp-json\/wp\/v2\/users\/3"}],"replies":[{"embeddable":true,"href":"https:\/\/blog.polityka.pl\/szostkiewicz\/wp-json\/wp\/v2\/comments?post=3978"}],"version-history":[{"count":4,"href":"https:\/\/blog.polityka.pl\/szostkiewicz\/wp-json\/wp\/v2\/posts\/3978\/revisions"}],"predecessor-version":[{"id":3983,"href":"https:\/\/blog.polityka.pl\/szostkiewicz\/wp-json\/wp\/v2\/posts\/3978\/revisions\/3983"}],"wp:attachment":[{"href":"https:\/\/blog.polityka.pl\/szostkiewicz\/wp-json\/wp\/v2\/media?parent=3978"}],"wp:term":[{"taxonomy":"category","embeddable":true,"href":"https:\/\/blog.polityka.pl\/szostkiewicz\/wp-json\/wp\/v2\/categories?post=3978"},{"taxonomy":"post_tag","embeddable":true,"href":"https:\/\/blog.polityka.pl\/szostkiewicz\/wp-json\/wp\/v2\/tags?post=3978"}],"curies":[{"name":"wp","href":"https:\/\/api.w.org\/{rel}","templated":true}]}}