
{"id":3984,"date":"2016-07-16T14:46:55","date_gmt":"2016-07-16T12:46:55","guid":{"rendered":"http:\/\/szostkiewicz.blog.polityka.pl\/?p=3984"},"modified":"2016-07-16T15:31:53","modified_gmt":"2016-07-16T13:31:53","slug":"czy-lud-bronilby-kaczynskiego-jak-erdogana","status":"publish","type":"post","link":"https:\/\/blog.polityka.pl\/szostkiewicz\/2016\/07\/16\/czy-lud-bronilby-kaczynskiego-jak-erdogana\/","title":{"rendered":"Czy lud broni\u0142by Kaczy\u0144skiego jak Erdogana?"},"content":{"rendered":"<p>Lud turecki uratowa\u0142 Erdo\u011fana. Czy w Polsce zwolennicy pos\u0142a Kaczy\u0144skiego te\u017c by z go\u0142ymi r\u0119kami poszli na czo\u0142gi w jego obronie?<br \/>\n<!--more--><br \/>\nPolska pod obecnymi rz\u0105dami PiS przypomina Turcj\u0119 pod rz\u0105dami partii Erdo\u011fana. Spo\u0142ecze\u0144stwo jest g\u0142\u0119boko podzielone tymi rz\u0105dami. Biedniejsi je popieraj\u0105, elity w mniejszym stopniu. Nawet retoryka polityczna obu partii jest podobna. AKP, partia Erdo\u011fana, nazywa si\u0119 &#8222;Parti\u0105 Sprawiedliwo\u015bci i Rozwoju&#8221; i ma podobn\u0105 orientacj\u0119: populistyczno-konserwatywn\u0105.<\/p>\n<p>AKP stopniowo odchodzi od kemalizmu, cho\u0107 portrety Ojca Turk\u00f3w, Kemala Paszy, wci\u0105\u017c wisz\u0105 w gmachach pa\u0144stwowych. Odchodzi w kluczowym punkcie: rozmywa rygorystyczny rozdzia\u0142 pa\u0144stwa i religii. Religia, kt\u00f3r\u0105 kemali\u015bci uwa\u017cali za przeszkod\u0119 na drodze do nowoczesno\u015bci i post\u0119pu w stylu zachodnim, wraca do \u0142ask.<\/p>\n<p>Erdo\u011fan na\u0142o\u017cy\u0142 te\u017c kaganiec mediom i zmarginalizowa\u0142 s\u0105d konstytucyjny. Zas\u0142yn\u0105\u0142 powiedzeniem, \u017ce demokracja to tylko przystanek, na kt\u00f3rym mo\u017cna wysi\u0105\u015b\u0107, bo liczy si\u0119 tylko wola narodu.<\/p>\n<p>Erdo\u011fan kluczy w innej podstawowej sprawie: czy widzi Turcj\u0119 jako lojalnego sprzymierze\u0144ca Zachodu? Nawet co do puczu wojskowego oba kraje zosta\u0142y nimi dotkni\u0119te: Turcja czterokrotnie, je\u015bli dodamy pi\u0105tkowy \u2013 ju\u017c pi\u0119ciokrotnie, Polska \u2013 raz w II RP (zamach majowy), raz w PRL (13 XII 1981). W obu krajach wojsko interweniowa\u0142o z powod\u00f3w politycznych, w imi\u0119 &#8222;ocalenia ojczyzny&#8221;.<\/p>\n<p>W III RP odwo\u0142any przez Sejm premier Olszewski przypisa\u0142 upadek swojego rz\u0105du nie destabilizacji pa\u0144stwa wywo\u0142anej lustracyjn\u0105 tzw. list\u0105 Macierewicza, lecz spiskowi swoich politycznych przeciwnik\u00f3w. Kr\u0105\u017cy\u0142y plotki o rzekomych ruchach wojsk MSW na rozkaz Macierewicza, szefa MSW w rz\u0105dzie Olszewskiego.<\/p>\n<p>W Turcji ekipa Erdo\u011fana obwinia za pr\u00f3b\u0119 jej odsuni\u0119cia od w\u0142adzy zwolennik\u00f3w przebywaj\u0105cego na emigracji w USA przyw\u00f3dcy duchowego\u00a0Fethullaha G\u00fclena (kt\u00f3ry od razu pot\u0119pi\u0142 pr\u00f3b\u0119 puczu).<\/p>\n<p>Ale analogie nie znacz\u0105, \u017ce podobny scenariusz powt\u00f3rzy si\u0119 w Polsce. Nie wyobra\u017cam sobie, by cho\u0107by cz\u0119\u015b\u0107 wojska zbuntowa\u0142a si\u0119 przeciwko ministrowi Macierewiczowi czy rz\u0105dowi prawicy pisowskiej. Od u\u017cycia si\u0142y od\u017cegnuje si\u0119 te\u017c s\u0142usznie Komitet Obrony Demokracji.<\/p>\n<p>Bunt wojska by\u0142by katastrof\u0105 w kraju i na arenie mi\u0119dzynarodowej. Nie nale\u017cy tego Polsce \u017cyczy\u0107, bo Polska to co\u015b znaczne wi\u0119cej ni\u017c rz\u0105d tej czy innej partii. Mam nadziej\u0119, \u017ce wojsko na d\u0142ugo zapami\u0119ta\u0142o lekcj\u0119 stanu wojennego, kiedy musia\u0142o stan\u0105\u0107 na rozkaz genera\u0142\u00f3w przeciwko cz\u0119\u015bci spo\u0142ecze\u0144stwa.<\/p>\n<p>A skoro do puczu nie dojdzie, lud propisowski nie b\u0119dzie musia\u0142 zdawa\u0107 egzaminu z lojalno\u015bci wzgl\u0119dem Kaczy\u0144skiego. Nie przekonamy si\u0119 wi\u0119c, czy by go zda\u0142 tak jak zwolennicy Erdo\u011fana.<\/p>\n","protected":false},"excerpt":{"rendered":"<p>Lud turecki uratowa\u0142 Erdo\u011fana. Czy w Polsce zwolennicy pos\u0142a Kaczy\u0144skiego te\u017c by z go\u0142ymi r\u0119kami poszli na czo\u0142gi w jego obronie?<\/p>\n","protected":false},"author":3,"featured_media":0,"comment_status":"open","ping_status":"closed","sticky":false,"template":"","format":"standard","meta":{"footnotes":""},"categories":[1],"tags":[],"_links":{"self":[{"href":"https:\/\/blog.polityka.pl\/szostkiewicz\/wp-json\/wp\/v2\/posts\/3984"}],"collection":[{"href":"https:\/\/blog.polityka.pl\/szostkiewicz\/wp-json\/wp\/v2\/posts"}],"about":[{"href":"https:\/\/blog.polityka.pl\/szostkiewicz\/wp-json\/wp\/v2\/types\/post"}],"author":[{"embeddable":true,"href":"https:\/\/blog.polityka.pl\/szostkiewicz\/wp-json\/wp\/v2\/users\/3"}],"replies":[{"embeddable":true,"href":"https:\/\/blog.polityka.pl\/szostkiewicz\/wp-json\/wp\/v2\/comments?post=3984"}],"version-history":[{"count":4,"href":"https:\/\/blog.polityka.pl\/szostkiewicz\/wp-json\/wp\/v2\/posts\/3984\/revisions"}],"predecessor-version":[{"id":3988,"href":"https:\/\/blog.polityka.pl\/szostkiewicz\/wp-json\/wp\/v2\/posts\/3984\/revisions\/3988"}],"wp:attachment":[{"href":"https:\/\/blog.polityka.pl\/szostkiewicz\/wp-json\/wp\/v2\/media?parent=3984"}],"wp:term":[{"taxonomy":"category","embeddable":true,"href":"https:\/\/blog.polityka.pl\/szostkiewicz\/wp-json\/wp\/v2\/categories?post=3984"},{"taxonomy":"post_tag","embeddable":true,"href":"https:\/\/blog.polityka.pl\/szostkiewicz\/wp-json\/wp\/v2\/tags?post=3984"}],"curies":[{"name":"wp","href":"https:\/\/api.w.org\/{rel}","templated":true}]}}