
{"id":4012,"date":"2016-07-26T16:14:20","date_gmt":"2016-07-26T14:14:20","guid":{"rendered":"http:\/\/szostkiewicz.blog.polityka.pl\/?p=4012"},"modified":"2016-07-26T17:34:24","modified_gmt":"2016-07-26T15:34:24","slug":"obludnicy-witaja-franciszka","status":"publish","type":"post","link":"https:\/\/blog.polityka.pl\/szostkiewicz\/2016\/07\/26\/obludnicy-witaja-franciszka\/","title":{"rendered":"Ob\u0142udnicy witaj\u0105 Franciszka"},"content":{"rendered":"<p>Premier Szyd\u0142o, minister B\u0142aszczak, pose\u0142 Paw\u0142owicz, strasz\u0105ca Polak\u00f3w uchod\u017acami &#8211; czy odwa\u017c\u0105 si\u0119 spojrze\u0107 w oczy papie\u017cowi?<br \/>\n<!--more--><br \/>\nTrwa festiwal ob\u0142udy. Pani Szyd\u0142o sadzi z kardyna\u0142em Dziwiszem cisy w parku Mi\u0142osierdzia im. Jana Paw\u0142a II w Krakowie. Mi\u0142osierdzia! A przecie\u017c kieruje rz\u0105dem podwa\u017caj\u0105cym przes\u0142anie mi\u0142osierdzia wzgl\u0119dem uchod\u017ac\u00f3w. Przes\u0142anie obu papie\u017cy: Jana Paw\u0142a i Franciszka.<\/p>\n<p>Minister B\u0142aszczak, kt\u00f3ry b\u0119dzie ca\u0142owa\u0142 papieski pier\u015bcie\u0144,\u00a0na dwa dni przed przyjazdem Franciszka opowiada\u0142 dziennikarzom w Wieliczce, jakim to b\u0142\u0119dem okaza\u0142a si\u0119 w Europie polityka &#8222;multi-kulti&#8221;. Atakowa\u0142 &#8222;zaraz\u0119 poprawno\u015bci politycznej&#8221;. I czyni\u0142 to w momencie, gdy Krak\u00f3w staje si\u0119 na kilka dni europejsk\u0105 stolic\u0105 wielokulturowo\u015bci, radosn\u0105 Bo\u017c\u0105 parad\u0105 ras, kultur i j\u0119zyk\u00f3w!<\/p>\n<p>Czy wiecznie wystraszony pan B\u0142aszczak s\u0142ysza\u0142 s\u0142owa kardyna\u0142a Nycza, \u017ce papie\u017c Franciszek &#8222;upomni si\u0119 w Polsce o uchod\u017ac\u00f3w, kt\u00f3rzy s\u0105 u bram Europy&#8221;? Czy jego adiutanci donie\u015bli mu o s\u0142owach ks. Rasia, archiprezbitera bazyliki Mariackiej, \u017ce &#8222;Krak\u00f3w staje si\u0119 miastem wielokulturowym, otwartym, radosnym. Czego chcie\u0107 wi\u0119cej?&#8221;.<\/p>\n<p>Straszenie imigrantami, a konkretnie muzu\u0142manami, jest w kontrze do nauczania papie\u017ca Franciszka. Jego nauki wyrastaj\u0105 z ewangelii, z chrze\u015bcija\u0144skiego mi\u0142osierdzia. Kto uwa\u017ca si\u0119 za chrze\u015bcijanina, nie mo\u017ce ich ignorowa\u0107 pod pretekstem, \u017ce to &#8222;tylko&#8221; osobista opinia papie\u017ca.<\/p>\n<p>Czy prezes Kaczy\u0144ski, kt\u00f3ry b\u0119dzie si\u0119 modli\u0142 na mszy odprawianej przez Franciszka, zna raport rzecznika episkopatu, ks. Rytela-Adrianika, o naciskach polityk\u00f3w prawicy na Ko\u015bci\u00f3\u0142 w sprawie uchod\u017ac\u00f3w? Bo Franciszek na pewno jest o dokumencie poinformowany.<\/p>\n<p><a href=\"http:\/\/wyborcza.pl\/1,75968,20452266,musi-zdarzyc-sie-cud.html\" target=\"_blank\">Jaros\u0142aw Miko\u0142ajewski napisa\u0142<\/a>, \u017ce chcia\u0142by, aby Franciszek surowo spojrza\u0142 w oczy politykom PiS, bo to oni dzi\u015b rz\u0105dz\u0105 dzi\u0119ki poparciu Ko\u015bcio\u0142a i lubi\u0105 si\u0119 odwo\u0142ywa\u0107 do wiary katolickiej. Ale powinien te\u017c spojrze\u0107 surowo w oczy tym polskim biskupom, kt\u00f3rzy zamienili si\u0119 w wojownik\u00f3w kulturowych na poziomie intelektualnym ministra B\u0142aszczaka. I tym biskupom, kt\u00f3rzy teraz prawi\u0105, \u017ce &#8222;Ko\u015bci\u00f3\u0142 nie jest ani Jana Paw\u0142a II, ani Franciszka. Ani Rydzyka. Ani pani Szyd\u0142o. Ani \u017cadnego prezydenta, cho\u0107by najbardziej pobo\u017cnego. Ko\u015bci\u00f3\u0142 jest ci\u0105gle ten sam \u2013 Chrystusowy i nie powinien si\u0119 opowiada\u0107 po \u017cadnej ze stron politycznych. Ko\u015bci\u00f3\u0142 ma okre\u015bla\u0107 kierunek dla ludzkich sumie\u0144&#8221;.<\/p>\n<p>Pi\u0119knie, tylko \u017ce autor tych s\u0142\u00f3w, abp Depo, nie tak dawno temu, gdy PiS jeszcze nie by\u0142 u w\u0142adzy, wszed\u0142 do komitetu honorowego pisowskiego marszu w obronie demokracji i wolno\u015bci medi\u00f3w. (Ostatecznie si\u0119 wycofa\u0142). To tylko jeden z wielu przyk\u0142ad\u00f3w ob\u0142udy w polskim episkopacie.<\/p>\n<p>Ja te\u017c, jak Jaros\u0142aw Miko\u0142ajewski, licz\u0119 na s\u0142owa prawdy z ust papie\u017ca pod adresem ob\u0142udnik\u00f3w w garniturach i sutannach. Ale nie mam z\u0142udze\u0144, \u017ce prawda jest dla nich najwa\u017cniejsza. Zw\u0142aszcza w \u015bwietle bada\u0144 opinii w sprawie uchod\u017ac\u00f3w. Prawica ko\u015bcielna i pisowska zrobi\u0142a wiele, by Polacy uwierzyli w jej straszenie imigrantami. Swoje zrobi\u0142y tzw. media narodowe. No i nie chcemy uchod\u017ac\u00f3w, za to kochamy Franciszka, kt\u00f3ry za nimi si\u0119 ujmuje.<\/p>\n","protected":false},"excerpt":{"rendered":"<p>Premier Szyd\u0142o, minister B\u0142aszczak, pose\u0142 Paw\u0142owicz, strasz\u0105ca Polak\u00f3w uchod\u017acami &#8211; czy odwa\u017c\u0105 si\u0119 spojrze\u0107 w oczy papie\u017cowi?<\/p>\n","protected":false},"author":3,"featured_media":0,"comment_status":"open","ping_status":"closed","sticky":false,"template":"","format":"standard","meta":{"footnotes":""},"categories":[1],"tags":[],"_links":{"self":[{"href":"https:\/\/blog.polityka.pl\/szostkiewicz\/wp-json\/wp\/v2\/posts\/4012"}],"collection":[{"href":"https:\/\/blog.polityka.pl\/szostkiewicz\/wp-json\/wp\/v2\/posts"}],"about":[{"href":"https:\/\/blog.polityka.pl\/szostkiewicz\/wp-json\/wp\/v2\/types\/post"}],"author":[{"embeddable":true,"href":"https:\/\/blog.polityka.pl\/szostkiewicz\/wp-json\/wp\/v2\/users\/3"}],"replies":[{"embeddable":true,"href":"https:\/\/blog.polityka.pl\/szostkiewicz\/wp-json\/wp\/v2\/comments?post=4012"}],"version-history":[{"count":3,"href":"https:\/\/blog.polityka.pl\/szostkiewicz\/wp-json\/wp\/v2\/posts\/4012\/revisions"}],"predecessor-version":[{"id":4015,"href":"https:\/\/blog.polityka.pl\/szostkiewicz\/wp-json\/wp\/v2\/posts\/4012\/revisions\/4015"}],"wp:attachment":[{"href":"https:\/\/blog.polityka.pl\/szostkiewicz\/wp-json\/wp\/v2\/media?parent=4012"}],"wp:term":[{"taxonomy":"category","embeddable":true,"href":"https:\/\/blog.polityka.pl\/szostkiewicz\/wp-json\/wp\/v2\/categories?post=4012"},{"taxonomy":"post_tag","embeddable":true,"href":"https:\/\/blog.polityka.pl\/szostkiewicz\/wp-json\/wp\/v2\/tags?post=4012"}],"curies":[{"name":"wp","href":"https:\/\/api.w.org\/{rel}","templated":true}]}}