
{"id":4040,"date":"2016-08-08T22:32:40","date_gmt":"2016-08-08T20:32:40","guid":{"rendered":"http:\/\/szostkiewicz.blog.polityka.pl\/?p=4040"},"modified":"2016-08-08T22:49:02","modified_gmt":"2016-08-08T20:49:02","slug":"franciszek-o-gender","status":"publish","type":"post","link":"https:\/\/blog.polityka.pl\/szostkiewicz\/2016\/08\/08\/franciszek-o-gender\/","title":{"rendered":"Franciszek o gender"},"content":{"rendered":"<p>Papie\u017c w rozmowie z polskimi biskupami zahaczy\u0142 o gender. Nieszcz\u0119\u015bliwie zabrzmia\u0142y jego s\u0142owa. Tak jakby nie wiedzia\u0142, o czym m\u00f3wi. A powinien, skoro poruszy\u0142 ten temat.<br \/>\n<!--more--><br \/>\nMo\u017ce tak mu doradzono w Watykanie, bo tam wiedz\u0105, \u017ce polski Ko\u015bci\u00f3\u0142 wyda\u0142 &#8222;temu d\u017cenderowi&#8221; wojn\u0119. &#8222;D\u017cender&#8221; zszed\u0142 u nas pod katolickie strzechy. I jak to w takich razach bywa, prawie nikt nie wiedzia\u0142, o co chodzi.<\/p>\n<p>Jak wynika z relacji ze spotkania Franciszka, opublikowanej w &#8222;GW&#8221;, papie\u017c uwa\u017ca, \u017ce gender to jedna z form &#8222;kolonizacji ideologicznej&#8221;. &#8222;Dzisiaj dzieci \u2013 w\u0142a\u015bnie dzieci! \u2013 naucza si\u0119 w szkole, \u017ce ka\u017cdy mo\u017ce wybra\u0107 sobie p\u0142e\u0107. A dlaczego tego ucz\u0105? Poniewa\u017c podr\u0119czniki narzucaj\u0105 te osoby i instytucje, kt\u00f3re daj\u0105 pieni\u0105dze. Jest to kolonizacja ideologiczna, popierana r\u00f3wnie\u017c przez bardzo wp\u0142ywowe kraje. I to jest straszne&#8221;.<\/p>\n<p>Je\u015bli to nie jest jaka\u015b teoria spiskowa, to co ni\u0105 jest? I to jest straszne. Teoria genderowa nie polega na nauczaniu dzieci, \u017ce mog\u0105 sobie wybra\u0107 p\u0142e\u0107. Polega na badaniu stereotyp\u00f3w na temat roli kobiet i m\u0119\u017cczyzn w rodzinie i spo\u0142ecze\u0144stwie, ustalaniu ich przyczyn i szukaniu sposob\u00f3w ich odczarowania i przezwyci\u0119\u017cenia.<\/p>\n<p>Nie wiem, sk\u0105d Franciszek czerpie wiedz\u0119 na ten temat, ale obawiam si\u0119, \u017ce nie u \u017ar\u00f3de\u0142, tylko z drugiej, a mo\u017ce i trzeciej r\u0119ki. Nie tego bym si\u0119 spodziewa\u0142 po papie\u017cu.<\/p>\n<p>Tym bardziej, o czym zdaje si\u0119 sam Franciszek zd\u0105\u017cy\u0142 zapomnie\u0107, \u017ce w 2015 r. zatelefonowa\u0142 on do Hiszpana, katolika, kt\u00f3ry urodzi\u0142 si\u0119 dziewczynk\u0105, a w wieku doros\u0142ym przeszed\u0142 operacj\u0119 zmiany p\u0142ci na m\u0119sk\u0105. Nie spodoba\u0142o si\u0119 to w jego parafii. Proboszcz nazwa\u0142 go &#8222;c\u00f3rk\u0105 diab\u0142a&#8221;. Neria napisa\u0142 list do Franciszka, <a href=\"http:\/\/www.catholicherald.co.uk\/news\/2015\/01\/27\/reports-pope-francis-meets-transgender-man-at-the-vatican\/\" target=\"_blank\">papie\u017c zaprosi\u0142 go do Watykanu<\/a> na prywatne spotkanie. To czemu teraz Franciszek opowiada takie rzeczy?<\/p>\n<p>Nie s\u0142ysza\u0142em ani o tym, by w jakiejkolwiek szkole \u2013 zw\u0142aszcza w Polsce \u2013 uczono dzieci, \u017ce mog\u0105 sobie wybra\u0107 p\u0142e\u0107. Bo z p\u0142ci\u0105 biologiczn\u0105 cz\u0142owiek si\u0119 rodzi, nie ma wi\u0119c mo\u017cliwo\u015bci wyboru. Dzieciom, je\u015bli ju\u017c, t\u0142umaczy si\u0119, na czym polega genderowy stereotyp. I zach\u0119ca, by dziewczynki przez chwil\u0119 wesz\u0142y w \u015bwiat ch\u0142opc\u00f3w i na odwr\u00f3t. To ma pom\u00f3c im\u00a0w radzeniu sobie w p\u00f3\u017aniejszym \u017cyciu z kulturowymi stereotypami na temat p\u0142ci.<\/p>\n<p>Bywaj\u0105 (nieliczne) przypadki os\u00f3b, u kt\u00f3rych p\u0142e\u0107 biologiczna nie pokrywa si\u0119 z tym, jak one siebie pod tym wzgl\u0119dem postrzegaj\u0105. Cierpi\u0105 na tym tle. Zdecydowa\u0107 si\u0119 na p\u0142e\u0107 m\u0119sk\u0105 lub \u017ce\u0144sk\u0105 pomaga im medycyna i psychologia, o ile maj\u0105 mo\u017cliwo\u015b\u0107 z nich skorzysta\u0107. Je\u015bli nie maj\u0105, mog\u0105 cierpie\u0107 przez ca\u0142e \u017cycie. Takim osobom nale\u017cy si\u0119 empatia i opieka, tak\u017ce ze strony Ko\u015bcio\u0142a, je\u015bli do niego nale\u017c\u0105.<\/p>\n<p>Mo\u017cliwe jest dzi\u015b r\u00f3wnie\u017c przej\u015bcie operacji &#8222;transgenderowej&#8221;. Tu rzeczywi\u015bcie mo\u017cna wybra\u0107 i zmieni\u0107 p\u0142e\u0107, ale dotyczy to tylko os\u00f3b doros\u0142ych, a nie dzieci.\u00a0Jest to procedura stosunkowo nowa i dlatego budzi kontrowersje. Jednak doro\u015bli ludzie mog\u0105 robi\u0107 z sob\u0105, co chc\u0105 &#8211; w granicach prawa.<\/p>\n<p>Tego prawa odmawiaj\u0105 im niekt\u00f3re religie, w tym katolicka. A w istocie ideologie religijne, kt\u00f3re zwalczaj\u0105 przemiany kulturowe i spo\u0142eczne, powo\u0142uj\u0105c si\u0119 na swoje interpretacje zasad wiary. Co to ma wsp\u00f3lnego z dzie\u0107mi i &#8222;kolonizacj\u0105 ideologiczn\u0105&#8221;?<\/p>\n<p>Ano nic. Samo poj\u0119cie &#8222;kolonizacji ideologicznej&#8221; u\u017cyte przez Franciszka zupe\u0142nie nie przekonuje, tak samo jak sugestia, \u017ce kto\u015b z niej czerpie jakie\u015b korzy\u015bci materialne. Papie\u017c nie poda\u0142 \u017cadnego konkretnego przyk\u0142adu.<\/p>\n<p>Odwo\u0142a\u0142 si\u0119 do s\u0142\u00f3w Benedykta XVI, \u017ce nasza epoka to epoka grzechu wobec Boga Stw\u00f3rcy, kt\u00f3ry stworzy\u0142 m\u0119\u017cczyzn\u0119 i kobiet\u0119. Dobrze, ale czy zmiana p\u0142ci przez doros\u0142ego cz\u0142owieka, kt\u00f3ry tego psychologicznie, duchowo i spo\u0142ecznie potrzebuje i nie czyni tym nikomu krzywdy, jest zdaniem obu papie\u017cy &#8222;grzechem wobec Stw\u00f3rcy&#8221;?<\/p>\n<p>C\u00f3\u017c, bigoci bij\u0105 Franciszkowi brawo. Ja uwa\u017cam s\u0142owa papie\u017ca\u00a0o gender za intelektualn\u0105 i duszpastersk\u0105 pora\u017ck\u0119.<\/p>\n","protected":false},"excerpt":{"rendered":"<p>Papie\u017c w rozmowie z polskimi biskupami zahaczy\u0142 o gender. Nieszcz\u0119\u015bliwie zabrzmia\u0142y jego s\u0142owa. Tak jakby nie wiedzia\u0142, o czym m\u00f3wi. A powinien, skoro poruszy\u0142 ten temat.<\/p>\n","protected":false},"author":3,"featured_media":0,"comment_status":"open","ping_status":"closed","sticky":false,"template":"","format":"standard","meta":{"footnotes":""},"categories":[1],"tags":[],"_links":{"self":[{"href":"https:\/\/blog.polityka.pl\/szostkiewicz\/wp-json\/wp\/v2\/posts\/4040"}],"collection":[{"href":"https:\/\/blog.polityka.pl\/szostkiewicz\/wp-json\/wp\/v2\/posts"}],"about":[{"href":"https:\/\/blog.polityka.pl\/szostkiewicz\/wp-json\/wp\/v2\/types\/post"}],"author":[{"embeddable":true,"href":"https:\/\/blog.polityka.pl\/szostkiewicz\/wp-json\/wp\/v2\/users\/3"}],"replies":[{"embeddable":true,"href":"https:\/\/blog.polityka.pl\/szostkiewicz\/wp-json\/wp\/v2\/comments?post=4040"}],"version-history":[{"count":5,"href":"https:\/\/blog.polityka.pl\/szostkiewicz\/wp-json\/wp\/v2\/posts\/4040\/revisions"}],"predecessor-version":[{"id":4045,"href":"https:\/\/blog.polityka.pl\/szostkiewicz\/wp-json\/wp\/v2\/posts\/4040\/revisions\/4045"}],"wp:attachment":[{"href":"https:\/\/blog.polityka.pl\/szostkiewicz\/wp-json\/wp\/v2\/media?parent=4040"}],"wp:term":[{"taxonomy":"category","embeddable":true,"href":"https:\/\/blog.polityka.pl\/szostkiewicz\/wp-json\/wp\/v2\/categories?post=4040"},{"taxonomy":"post_tag","embeddable":true,"href":"https:\/\/blog.polityka.pl\/szostkiewicz\/wp-json\/wp\/v2\/tags?post=4040"}],"curies":[{"name":"wp","href":"https:\/\/api.w.org\/{rel}","templated":true}]}}