
{"id":477,"date":"2009-05-08T16:42:49","date_gmt":"2009-05-08T15:42:49","guid":{"rendered":"http:\/\/szostkiewicz.blog.polityka.pl\/?p=477"},"modified":"2009-05-09T14:57:48","modified_gmt":"2009-05-09T13:57:48","slug":"buta-ziobry","status":"publish","type":"post","link":"https:\/\/blog.polityka.pl\/szostkiewicz\/2009\/05\/08\/buta-ziobry\/","title":{"rendered":"Buta Ziobry"},"content":{"rendered":"<p>Zbigniew Ziobro nie chce debatowa\u0107 z R\u00f3\u017c\u0105 Thun o Europie. M\u00f3g\u0142by, \u0142askawca, debatowa\u0107 z platformistami Miodowiczenm czy Sonikiem, ale z R\u00f3\u017c\u0105 Thun nie. Bo Thun nie jest ,,rozpoznawalna dla wyborc\u00f3w&#8221; i nie jest tak wyrazista jak inni kandydaci PO do Europarlamentu. To si\u0119 nazywa kultura polityczna.<\/p>\n<p>Wprawdzie po Ziobrze nigdy niczego dobrego si\u0119 nie spodziewa\u0142em, ale przyznaj\u0119, \u017ce tu mnie zaskoczy\u0142 a\u017c tak\u0105 arogancj\u0105. Bo nie swoim sprytem: obra\u017ce Thun, por\u00f3\u017cni\u0119 j\u0105 z Sonikiem i innymi w PO. Ziobro musi mie\u0107 jak najgorsze zdanie o Platformie w Krakowie, by tak sobie z ni\u0105 prostacko pogrywa\u0107. Ale to ju\u017c zmartwienie PO, nie moje.\u00a0\u00a0\u00a0\u00a0<\/p>\n<p>O co w tym wszystkim chodzi? Prawdopodobnie o to, \u017ce Ziobro wie, i\u017c debat\u0119 europejsk\u0105 przegra\u0142by nie tylko z Thun, ale i z Sonikiem. I o to, \u017ce szykuje si\u0119 do przej\u0119cia w\u0142adzy w PiS. Kadencja w Parlemencie Europejskim mia\u0142aby by\u0107 ,,Sulej\u00f3wkiem&#8221;. Tam prezes in spe czeka\u0142by a\u017c Kaczy\u0144ski si\u0119 ostatecznie wypali politycznie, a partyjni pretorianie Ziobry przyb\u0119d\u0105 do Strasburga prosi\u0107 Ziobr\u0119, by wr\u00f3ci\u0142 do ojczyzny i ratowa\u0142 PiS.<\/p>\n<p>Ziobro mo\u017ce by\u0107 butny, bo wie, \u017ce mandat ma w kieszeni, tak jak kiedy\u015b prawie nikomu nieznany prof. Legutko &#8211; wystarczy\u0142o, \u017ce by\u0142 na li\u015bcie. Reszt\u0119 zrobi\u0142a dyscyplina w elektoracie PiS. Ziobro nie musi si\u0119 na niczym zna\u0107, ani w czymkolwiek doskonali\u0107. Jest ,,rozpoznawalny dla wyborc\u00f3w&#8221;, a Thun nie jest i to decyduje. Przynajmniej w optyce polityk\u00f3w pokroju Ziobry. Ale &#8211; powiedzmy jasno &#8211; wcale nie tylko w PiSie tak si\u0119 widzi polityk\u0119, wybory, kwesti\u0119 europejsk\u0105. Krzaklewski na li\u015bcie PO to przyk\u0142ad tej samej deformacji w Platformie. Smutno i g\u0142upio.<\/p>\n<p>XXXX<br \/>\nNo i Tusk poniek\u0105d pos\u0142ucha\u0142 Wa\u0142\u0119sy. Przyj\u0105\u0142em to z mieszanymi uczuciami. Twardog\u0142owi w Solidarno\u015bci i liderzy PiS odtr\u0105bi\u0105 teraz zwyci\u0119stwo: Tusk si\u0119 ko\u0144czy jako lider. Na dodatek z Krakowa i \u015bl\u0105ska ju\u017c p\u0142yn\u0105 sygna\u0142y, \u017ce zwi\u0105zkowcy p\u00f3jd\u0105 na Wawel. Do rocznicy jeszcze prawie miesi\u0105c, a ju\u017c rozmawiamy o wszystkim, tylko nie o tym , \u017ce ,,wszystko zacz\u0119\u0142o si\u0119 w Polsce&#8221;. Tak zza grobu zwyci\u0119\u017caj\u0105 &#8211; o zgrozo r\u0119kami Solidarno\u015bci &#8211; or\u0119downicy systemu PRL.\u00a0\u00a0\u00a0\u00a0\u00a0\u00a0\u00a0<\/p>\n","protected":false},"excerpt":{"rendered":"<p>Zbigniew Ziobro nie chce debatowa\u0107 z R\u00f3\u017c\u0105 Thun o Europie. M\u00f3g\u0142by, \u0142askawca, debatowa\u0107 z platformistami Miodowiczenm czy Sonikiem, ale z R\u00f3\u017c\u0105 Thun nie. Bo Thun nie jest ,,rozpoznawalna dla wyborc\u00f3w&#8221; i nie jest tak wyrazista jak inni kandydaci PO do Europarlamentu. To si\u0119 nazywa kultura polityczna. Wprawdzie po Ziobrze nigdy niczego dobrego si\u0119 nie spodziewa\u0142em, [&hellip;]<\/p>\n","protected":false},"author":3,"featured_media":0,"comment_status":"open","ping_status":"open","sticky":false,"template":"","format":"standard","meta":{"footnotes":""},"categories":[1],"tags":[],"_links":{"self":[{"href":"https:\/\/blog.polityka.pl\/szostkiewicz\/wp-json\/wp\/v2\/posts\/477"}],"collection":[{"href":"https:\/\/blog.polityka.pl\/szostkiewicz\/wp-json\/wp\/v2\/posts"}],"about":[{"href":"https:\/\/blog.polityka.pl\/szostkiewicz\/wp-json\/wp\/v2\/types\/post"}],"author":[{"embeddable":true,"href":"https:\/\/blog.polityka.pl\/szostkiewicz\/wp-json\/wp\/v2\/users\/3"}],"replies":[{"embeddable":true,"href":"https:\/\/blog.polityka.pl\/szostkiewicz\/wp-json\/wp\/v2\/comments?post=477"}],"version-history":[{"count":0,"href":"https:\/\/blog.polityka.pl\/szostkiewicz\/wp-json\/wp\/v2\/posts\/477\/revisions"}],"wp:attachment":[{"href":"https:\/\/blog.polityka.pl\/szostkiewicz\/wp-json\/wp\/v2\/media?parent=477"}],"wp:term":[{"taxonomy":"category","embeddable":true,"href":"https:\/\/blog.polityka.pl\/szostkiewicz\/wp-json\/wp\/v2\/categories?post=477"},{"taxonomy":"post_tag","embeddable":true,"href":"https:\/\/blog.polityka.pl\/szostkiewicz\/wp-json\/wp\/v2\/tags?post=477"}],"curies":[{"name":"wp","href":"https:\/\/api.w.org\/{rel}","templated":true}]}}