
{"id":4783,"date":"2017-04-06T17:50:26","date_gmt":"2017-04-06T15:50:26","guid":{"rendered":"http:\/\/szostkiewicz.blog.polityka.pl\/?p=4783"},"modified":"2017-04-06T19:55:56","modified_gmt":"2017-04-06T17:55:56","slug":"polscy-historycy-bronia-uniwersytetu-w-budapeszcie-przed-orbanem","status":"publish","type":"post","link":"https:\/\/blog.polityka.pl\/szostkiewicz\/2017\/04\/06\/polscy-historycy-bronia-uniwersytetu-w-budapeszcie-przed-orbanem\/","title":{"rendered":"Polscy historycy broni\u0105 uniwersytetu w Budapeszcie przed Orbanem"},"content":{"rendered":"<p>Premier Orb\u00e1n w ramach swej walki z &#8222;imperium Sorosa&#8221; <a href=\"https:\/\/www.osw.waw.pl\/pl\/publikacje\/analizy\/2017-04-06\/wegry-kampania-przeciw-sorosowi\" target=\"_blank\">zamachn\u0105\u0142 si\u0119 na Uniwersytet \u015arodkowoeuropejski (CEU)<\/a>, ufundowany przed laty ju\u017c w wolnych W\u0119grzech przez ameryka\u0144sko-w\u0119gierskiego finansist\u0119.<br \/>\n<!--more--><br \/>\nOrb\u00e1n szykuje si\u0119 do przysz\u0142orocznych wybor\u00f3w i do tego s\u0142u\u017cy mu sp\u00f3r z renomowan\u0105 uczelni\u0105, nad kt\u00f3r\u0105 nie ma kontroli politycznej. Tak w pa\u0144stwie Orb\u00e1na by\u0107 nie mo\u017ce. Tak nie mo\u017ce te\u017c by\u0107 w pa\u0144stwie pos\u0142a Kaczy\u0144skiego, kt\u00f3re nie kryje si\u0119 z tym, \u017ce chcia\u0142oby mie\u0107 kontrol\u0119 polityczn\u0105 nad edukacj\u0105 na wszystkich jej szczeblach. Sprawie CEU powinni\u015bmy wi\u0119c przygl\u0105da\u0107 si\u0119 w Polsce ze szczeg\u00f3ln\u0105 uwag\u0105. U nas w\u0142adza zapowiada lustracj\u0119 Fundacji Batorego pod k\u0105tem zarz\u0105dzania przez ni\u0105 tzw. funduszami norweskimi. PiS mo\u017ce przej\u0105\u0107 od Orb\u00e1na narracj\u0119 o &#8222;kosmopolicie&#8221; Sorosu jako wrogu publicznym, finansuj\u0105cym z zewn\u0105trz instytucje i dzia\u0142ania wymierzone w rz\u0105dy nacjonalistycznej prawicy.<\/p>\n<p>CEU ma zas\u0142ugi nie tylko naukowe, lecz i spo\u0142eczne. Spo\u0142eczne polegaj\u0105 na promowaniu kontakt\u00f3w mi\u0119dzyludzkich i mi\u0119dzynarodowych, naukowe &#8211; na  podejmowaniu temat\u00f3w ponadnarodowych, na przyk\u0142ad bada\u0144 por\u00f3wnawczych dotycz\u0105cych spo\u0142ecze\u0144stw w naszej cz\u0119\u015bci Europy. Uniwersytet sprzyja prezentacji wielu punkt\u00f3w widzenia na te tematy i otwartej rzeczowej debacie. Niby rzeczy oczywiste, ale dzi\u015b w obu naszych krajach podwa\u017cane przez obecne elity w\u0142adzy i popieraj\u0105ce ich dzia\u0142ania kr\u0119gi inteligencji.<\/p>\n<p><a href=\"\/wp-content\/uploads\/2017\/04\/List-w-obronie-uniwersytetu.pdf\">Listy i apele w obronie dorobku CEU<\/a> podpisali m.in. nobli\u015bci i liczna grupa polskich historyk\u00f3w, w\u015br\u00f3d nich profesorowie W\u0142odzimierz Borodziej, Andrzej Chwalba, Maciej Janowski, Jerzy Kochanowski, Pawe\u0142 Machcewicz, Dariusz Stola. Oto tekst ich listu otwartego do premiera Orb\u00e1na:<\/p>\n<blockquote><p>Your Excellency,<br \/>\nWe, the undersigned Polish historians and social scientists, have received with deep sorrow and utter dismay a news about a bill, submitted to the Hungarian Parliament by the Government of Hungary, which introduces changes in the Higher Education Law that \u2013 if accepted \u2013 will make impossible the operation of the Central European University in Hungary. As an educational and scientific institution, the Central European University has earned a mark of excellence on the world highest level. Many of us have had a privilege to visit the CEU as students or visiting lectures, or simply as conference participants. We were always impressed by the unique atmosphere, activity and intellectual curiosity that reigned at the CEU and resulted in so many fascinating ideas, projects and achievements. As an educational institution, the CEU has had an enormous success in bringing together students of various nationalities and offering them the highest educational standards. In historiography, the CEU gave birth to various initiatives of international intellectual co-operation that resulted in innovative researches both in the field of Medieval and Modern History. The CEU is an important and internationally visible element of intellectual life both in Hungary and in the academic community at large.<\/p>\n<p>Taking into account the importance of developing the mutual intellectual relations between Poland and Hungary we are particularly surprised by the attempt to close an institution that so meaningfully contributes to the Polish-Hungarian contacts. We appeal to the Government of Hungary to refrain once and for all from any action that may harm the CEU in its mission of developing and disseminating knowledge of the highest standards. In particular we ask for the revocation of the aforementioned bill.<\/p>\n<p>The copy of this letter has been sent to all the historical institutes at the universities and other institutions of higher education in Poland.<\/p><\/blockquote>\n<p>Niby rzeczy oczywiste, ale dzi\u015b w obu naszych krajach podwa\u017cane przez obecne elity w\u0142adzy i popieraj\u0105ce ich dzia\u0142ania kr\u0119gi prawicowej inteligencji. <\/p>\n<p>W Budapeszcie jednak s\u0105 wci\u0105\u017c ludzie niepopieraj\u0105cy Orb\u00e1na. To buduj\u0105ce, \u017ce wyszli oni na ulice w prote\u015bcie przeciwko &#8222;lex CEU&#8221; (ustawie de facto wymierzonej w niezale\u017cno\u015b\u0107 tej uczelni). Protestowali nie tylko studenci i wyk\u0142adowcy CEU, ale tak\u017ce s\u0142uchacze innych uczelni, w kt\u00f3re mo\u017ce uderzy\u0107 rz\u0105d Orb\u00e1na, a tak\u017ce zwykli obywatele. Tak\u017ce ameryka\u0144ski Departament Stanu opowiedzia\u0142 si\u0119 za dialogiem, nie popieraj\u0105c Orb\u00e1na, mimo \u017ce Orb\u00e1n m\u00f3wi ciep\u0142o o Trumpie.<\/p>\n<p>Gdzie w\u0142adza d\u0105\u017cy do likwidacji niezale\u017cno\u015bci uczelni, trzeba bi\u0107 na alarm, bo nie ma demokracji bez niezale\u017cno\u015bci uczelni i wolno\u015bci debaty akademickiej.<\/p>\n","protected":false},"excerpt":{"rendered":"<p>Premier Orb\u00e1n w ramach swej walki z &#8222;imperium Sorosa&#8221; zamachn\u0105\u0142 si\u0119 na Uniwersytet \u015arodkowoeuropejski (CEU), ufundowany przed laty ju\u017c w wolnych W\u0119grzech przez ameryka\u0144sko-w\u0119gierskiego finansist\u0119.<\/p>\n","protected":false},"author":3,"featured_media":0,"comment_status":"open","ping_status":"closed","sticky":false,"template":"","format":"standard","meta":{"footnotes":""},"categories":[1],"tags":[],"_links":{"self":[{"href":"https:\/\/blog.polityka.pl\/szostkiewicz\/wp-json\/wp\/v2\/posts\/4783"}],"collection":[{"href":"https:\/\/blog.polityka.pl\/szostkiewicz\/wp-json\/wp\/v2\/posts"}],"about":[{"href":"https:\/\/blog.polityka.pl\/szostkiewicz\/wp-json\/wp\/v2\/types\/post"}],"author":[{"embeddable":true,"href":"https:\/\/blog.polityka.pl\/szostkiewicz\/wp-json\/wp\/v2\/users\/3"}],"replies":[{"embeddable":true,"href":"https:\/\/blog.polityka.pl\/szostkiewicz\/wp-json\/wp\/v2\/comments?post=4783"}],"version-history":[{"count":8,"href":"https:\/\/blog.polityka.pl\/szostkiewicz\/wp-json\/wp\/v2\/posts\/4783\/revisions"}],"predecessor-version":[{"id":4794,"href":"https:\/\/blog.polityka.pl\/szostkiewicz\/wp-json\/wp\/v2\/posts\/4783\/revisions\/4794"}],"wp:attachment":[{"href":"https:\/\/blog.polityka.pl\/szostkiewicz\/wp-json\/wp\/v2\/media?parent=4783"}],"wp:term":[{"taxonomy":"category","embeddable":true,"href":"https:\/\/blog.polityka.pl\/szostkiewicz\/wp-json\/wp\/v2\/categories?post=4783"},{"taxonomy":"post_tag","embeddable":true,"href":"https:\/\/blog.polityka.pl\/szostkiewicz\/wp-json\/wp\/v2\/tags?post=4783"}],"curies":[{"name":"wp","href":"https:\/\/api.w.org\/{rel}","templated":true}]}}