
{"id":481,"date":"2009-05-15T22:45:37","date_gmt":"2009-05-15T21:45:37","guid":{"rendered":"http:\/\/szostkiewicz.blog.polityka.pl\/?p=481"},"modified":"2009-05-15T23:45:43","modified_gmt":"2009-05-15T22:45:43","slug":"anty-libertas","status":"publish","type":"post","link":"https:\/\/blog.polityka.pl\/szostkiewicz\/2009\/05\/15\/anty-libertas\/","title":{"rendered":"Anty-Libertas"},"content":{"rendered":"<p>Oczy bol\u0105 patrze\u0107 na Wa\u0142\u0119s\u0119 z Ganleyem. Milioner antytraktatowy chyba upatrzy\u0142 sobie Polsk\u0119 jako sw\u00f3j polityczny matecznik, a Wa\u0142\u0119s\u0119 jako patrona. Jest sprytny i skuteczny, ale cel ma antyunijny i dlatego flirt Wa\u0142\u0119sy z Libertasem bardzo mi si\u0119 nie podoba. Oczywi\u015bcie Ganley zaprzecza, \u017ce nie chce Unii, ba g\u0142osi wr\u0119cz, \u017ce jest za. Tak jak Wa\u0142\u0119sa: za, a nawet przeciw.<\/p>\n<p>Ale wystarczy sprawdzi\u0107, kim s\u0105 polscy pomocnicy Ganleya, by zobaczy\u0107, o co chodzi. Przede wszystkim o to, by wr\u00f3ci\u0107 do polityki i to na bia\u0142ym koniu (z niewielk\u0105 pomoc\u0105 prezesa TVP), ale i o to, by Uni\u0119 jaka jest sparali\u017cowa\u0107. Po co Wa\u0142\u0119sa udaje greka?<\/p>\n<p>Libertas coraz bardziej dominuje w naszych mediach. Na razie tylko w relacjach na temat eurokampanii. Reklamuje si\u0119 pod has\u0142em, a jak\u017ce wolno\u015bci s\u0142owa, w czym na szcz\u0119\u015bcie napotka\u0142 op\u00f3r marsza\u0142ka Komorowskiego. Argument wolno\u015bci s\u0142owa to mantra nie tylko polityki g\u0142\u00f3wnego nurtu, medi\u00f3w, akademii, sztuki itd., lecz tak\u017ce ekstremist\u00f3w i radyka\u0142\u00f3w, kt\u00f3rzy chc\u0105 pod tym has\u0142em przemyca\u0107 s\u0105dy skrajnie demagogiczne, skrajnie antagonizuj\u0105ce i najcz\u0119\u015bciej nie maj\u0105ce oparcia w faktach.<\/p>\n<p>Jako libera\u0142 te\u017c jestem za wolno\u015bci\u0105 s\u0142owa, ale w\u0142a\u015bnie z racji liberalnych uwa\u017cam, \u017ce w demokracji wolno\u015b\u0107 s\u0142owa ma jednak swoje granice, a wytycza je poczucie odpowiedzialno\u015bci za s\u0142owo. Nie ka\u017cdy ma prawo m\u00f3wi\u0107 w miejscach publicznych, co mu \u015blina na j\u0119zyk przyniesie.<\/p>\n<p>Antytraktatowa, czyli de facto antyunijna partia Ganleya nazywa si\u0119 z \u0142aci\u0144ska dumnie ,,Libertas&#8221; &#8211; wolno\u015b\u0107.  Ale nie nabierajmy si\u0119 na dumne s\u0142owa. Wolno\u015b\u0107 do czego? Do destabilizacji Europy? O wolno\u015bci lubi\u0105 deklamowa\u0107 nie tylko libera\u0142owie, lecz tak\u017ce faktyczni wrogowie wolno\u015bci. Kiedy dojd\u0105 do w\u0142adzy, okazuj\u0105 si\u0119 despotami. Jestem za ,,libertas&#8221;, ale przeciw ,,Libertasowi&#8221;.<\/p>\n<p>XXXX<br \/>\nHelena &#8211; mo\u017ce i tak, ale ja bym wola\u0142 jak najmniej leni i jak najmniej pracusi a la Giertych; Joe &#8211; uwa\u017ca si\u0119 Pan za Cortazara?Z wi\u0119kszo\u015bci\u0105 wpis\u00f3w, np. Szalbota czy Thomasa i Kadetta, na temat kampanii wypada mi si\u0119 zgodzi\u0107. Ale nie tra\u0107my nadziei.<\/p>\n","protected":false},"excerpt":{"rendered":"<p>Oczy bol\u0105 patrze\u0107 na Wa\u0142\u0119s\u0119 z Ganleyem. Milioner antytraktatowy chyba upatrzy\u0142 sobie Polsk\u0119 jako sw\u00f3j polityczny matecznik, a Wa\u0142\u0119s\u0119 jako patrona. Jest sprytny i skuteczny, ale cel ma antyunijny i dlatego flirt Wa\u0142\u0119sy z Libertasem bardzo mi si\u0119 nie podoba. Oczywi\u015bcie Ganley zaprzecza, \u017ce nie chce Unii, ba g\u0142osi wr\u0119cz, \u017ce jest za. Tak jak [&hellip;]<\/p>\n","protected":false},"author":3,"featured_media":0,"comment_status":"open","ping_status":"open","sticky":false,"template":"","format":"standard","meta":{"footnotes":""},"categories":[1],"tags":[],"_links":{"self":[{"href":"https:\/\/blog.polityka.pl\/szostkiewicz\/wp-json\/wp\/v2\/posts\/481"}],"collection":[{"href":"https:\/\/blog.polityka.pl\/szostkiewicz\/wp-json\/wp\/v2\/posts"}],"about":[{"href":"https:\/\/blog.polityka.pl\/szostkiewicz\/wp-json\/wp\/v2\/types\/post"}],"author":[{"embeddable":true,"href":"https:\/\/blog.polityka.pl\/szostkiewicz\/wp-json\/wp\/v2\/users\/3"}],"replies":[{"embeddable":true,"href":"https:\/\/blog.polityka.pl\/szostkiewicz\/wp-json\/wp\/v2\/comments?post=481"}],"version-history":[{"count":0,"href":"https:\/\/blog.polityka.pl\/szostkiewicz\/wp-json\/wp\/v2\/posts\/481\/revisions"}],"wp:attachment":[{"href":"https:\/\/blog.polityka.pl\/szostkiewicz\/wp-json\/wp\/v2\/media?parent=481"}],"wp:term":[{"taxonomy":"category","embeddable":true,"href":"https:\/\/blog.polityka.pl\/szostkiewicz\/wp-json\/wp\/v2\/categories?post=481"},{"taxonomy":"post_tag","embeddable":true,"href":"https:\/\/blog.polityka.pl\/szostkiewicz\/wp-json\/wp\/v2\/tags?post=481"}],"curies":[{"name":"wp","href":"https:\/\/api.w.org\/{rel}","templated":true}]}}