
{"id":482,"date":"2009-05-17T19:09:22","date_gmt":"2009-05-17T18:09:22","guid":{"rendered":"http:\/\/szostkiewicz.blog.polityka.pl\/?p=482"},"modified":"2009-05-18T22:02:58","modified_gmt":"2009-05-18T21:02:58","slug":"rozmowy-polskie-wiosna-2009","status":"publish","type":"post","link":"https:\/\/blog.polityka.pl\/szostkiewicz\/2009\/05\/17\/rozmowy-polskie-wiosna-2009\/","title":{"rendered":"Rozmowy polskie wiosn\u0105 2009"},"content":{"rendered":"<p>Rozmowy polskie wiosn\u0105 2009<\/p>\n<p>Zaczytywa\u0142em si\u0119 przed wielu laty urocz\u0105 ksi\u0105\u017ck\u0105 Rymkiewicza o rozmowach polskich latem 1983 roku. Bohaterem (pozytywnym!) by\u0142 ,,Ada\u015b&#8221; Michnik. Teraz szybkie przewijanie wprz\u00f3d: jeste\u015bmy w III RP, Rymkiewicz jest piewc\u0105 Kaczy\u0144skich, a jutro ma by\u0107 debata premier &#8211; zwi\u0105zkowcy.<\/p>\n<p>Na razie prognozy s\u0105 z\u0142e. Zw\u0142aszcza, \u017ce w niedziel\u0119 pisowscy eurokandydaci gremialnie zrobili unik i odm\u00f3wili udzia\u0142u w proponowanych przez Platform\u0119 debatach publicznych. Nie w\u0105tpi\u0119, \u017ce takie pisowskie asy jak panowie Kami\u0144ski, Bielan czy Ziobro wykazaliby eurokandydatom PO, \u017ce s\u0105 euroignorantami. Niestety, okazj\u0119 zmarnowali, wi\u0119c wolno nam s\u0105dzi\u0107, \u017ce nie czuli si\u0119 na si\u0142ach.<\/p>\n<p>Tak wygl\u0105daj\u0105 dzi\u015b nasze debaty. Czy jutro m\u00f3g\u0142by nast\u0105pi\u0107 cud? I to przed kamerami TV? Cudem by\u0142aby rzeczowa, niechby i ,,m\u0119ska&#8221; wymiana argument\u00f3w, a nie cios\u00f3w. Tusk ma oczywi\u015bcie kwalifikacje do takiej rozmowy, druga strona, zwi\u0105zkowa, te\u017c na pewno mog\u0142aby wystawi\u0107 ludzi znaj\u0105cych temat (kondycj\u0119 i perspektywy przemys\u0142u stoczniowego w Polsce i na \u015bwiecie).<\/p>\n<p>Ale k\u0142opot polega na tym, \u017ce zwi\u0105zkowcy b\u0119d\u0105 chcieli zab\u0142ysn\u0105\u0107 politycznie jako antagoni\u015bci nie byle kogo, bo samego szefa rz\u0105du. A do tego b\u0119d\u0105 potrzebowali rozhu\u015btania emocji, ca\u0142kiem jak na manifestacji. Tusk nad emocjami zwykle panuje, ale prowokowany przez stoczniowc\u00f3w mo\u017ce zosta\u0107 zepchni\u0119ty do defensywy. W TV agresja wypada fatalnie &#8211; to jeden z powod\u00f3w wyborczej kl\u0119ski PiS w 2007 r. &#8211; ale jest te\u017c taka cz\u0119\u015b\u0107 widowni, kt\u00f3ra czerpie przyjemno\u015b\u0107 z ogl\u0105dania atak\u00f3w ta zwanych ludzi pracy na polityk\u00f3w. Widowisko &#8211; je\u015bli dojdzie do skutku &#8211; b\u0119dzie raczej ma\u0142o przyjemne i ma\u0142o instruktywne.<\/p>\n<p>Tak wygl\u0105daj\u0105 nasze debaty dwadzie\u015bcia lat po zmianie ustroju. Nie wszystko mo\u017cna zwali\u0107 na pisowsk\u0105 metod\u0119 permanentnego sporu. Maj\u0105 w tym udzia\u0142 tak\u017ce telewizje informacyjne lubuj\u0105ce si\u0119 w skr\u00f3tach my\u015blowych i prowokowaniu star\u0107. Zw\u0142aszcza polityk\u00f3w traktuje si\u0119 tu troch\u0119 jak koguty staj\u0105ce do walki. No ale politycy na to jak na lato. Nie widz\u0105 lub udaj\u0105, \u017ce nie widz\u0105, jak media nimi manipuluj\u0105. \u0141udz\u0105 si\u0119, \u017ce to oni zmanipuluj\u0105 media do swoich cel\u00f3w.<\/p>\n<p>To wyra\u017ane psucie si\u0119 debaty nast\u0105pi\u0142o w ci\u0105gu kilku ostatnich lat, w\u0142a\u015bnie odk\u0105d media ,,kupi\u0142y&#8221; ide\u0119, \u017ce konflikt i sp\u00f3r to s\u00f3l demokracji. Wol\u0119 inn\u0105, konsensualn\u0105, koncepcj\u0119 demokracji. Ale jak ju\u017c sp\u00f3r i konflikt, to czemu mamy si\u0119 godzi\u0107 na jego wersj\u0119 najbardziej prymitywn\u0105: obrzucanie si\u0119 oponami, wyzwiskami, insynuacjami. Ja si\u0119 nie godz\u0119. Jak zn\u00f3w si\u0119 zacznie w tym stylu, wy\u0142\u0105cz\u0119 pud\u0142o.<\/p>\n<p>Aktualizacja PO DEBACIE: nie musia\u0142em pud\u0142a wy\u0142\u0105cza\u0107, by\u0142o poprawnie, Tusk sobie poradzi\u0142 bez trudno\u015bci, bo rozm\u00f3wcy\u00a0mu nie przeszkadzali. A aktywi\u015bci S i OPZZ debatowali w pisowskim stylu grill sami z sob\u0105 i z ekranem. M\u00f3wi\u0142 dziad do obrazu. Jak nie kijem go\u00a0lub opon\u0105, to ,,tajnym raportem&#8221;. Byle si\u0119 nag\u0142o\u015bni\u0107 w mediach. To si\u0119 bojkotowiczom ze Stoczni uda\u0142o. W sumie remis bez znaczenia.<\/p>\n","protected":false},"excerpt":{"rendered":"<p>Rozmowy polskie wiosn\u0105 2009 Zaczytywa\u0142em si\u0119 przed wielu laty urocz\u0105 ksi\u0105\u017ck\u0105 Rymkiewicza o rozmowach polskich latem 1983 roku. Bohaterem (pozytywnym!) by\u0142 ,,Ada\u015b&#8221; Michnik. Teraz szybkie przewijanie wprz\u00f3d: jeste\u015bmy w III RP, Rymkiewicz jest piewc\u0105 Kaczy\u0144skich, a jutro ma by\u0107 debata premier &#8211; zwi\u0105zkowcy. Na razie prognozy s\u0105 z\u0142e. Zw\u0142aszcza, \u017ce w niedziel\u0119 pisowscy eurokandydaci gremialnie [&hellip;]<\/p>\n","protected":false},"author":3,"featured_media":0,"comment_status":"open","ping_status":"open","sticky":false,"template":"","format":"standard","meta":{"footnotes":""},"categories":[1],"tags":[],"_links":{"self":[{"href":"https:\/\/blog.polityka.pl\/szostkiewicz\/wp-json\/wp\/v2\/posts\/482"}],"collection":[{"href":"https:\/\/blog.polityka.pl\/szostkiewicz\/wp-json\/wp\/v2\/posts"}],"about":[{"href":"https:\/\/blog.polityka.pl\/szostkiewicz\/wp-json\/wp\/v2\/types\/post"}],"author":[{"embeddable":true,"href":"https:\/\/blog.polityka.pl\/szostkiewicz\/wp-json\/wp\/v2\/users\/3"}],"replies":[{"embeddable":true,"href":"https:\/\/blog.polityka.pl\/szostkiewicz\/wp-json\/wp\/v2\/comments?post=482"}],"version-history":[{"count":0,"href":"https:\/\/blog.polityka.pl\/szostkiewicz\/wp-json\/wp\/v2\/posts\/482\/revisions"}],"wp:attachment":[{"href":"https:\/\/blog.polityka.pl\/szostkiewicz\/wp-json\/wp\/v2\/media?parent=482"}],"wp:term":[{"taxonomy":"category","embeddable":true,"href":"https:\/\/blog.polityka.pl\/szostkiewicz\/wp-json\/wp\/v2\/categories?post=482"},{"taxonomy":"post_tag","embeddable":true,"href":"https:\/\/blog.polityka.pl\/szostkiewicz\/wp-json\/wp\/v2\/tags?post=482"}],"curies":[{"name":"wp","href":"https:\/\/api.w.org\/{rel}","templated":true}]}}