
{"id":484,"date":"2009-05-19T21:08:03","date_gmt":"2009-05-19T20:08:03","guid":{"rendered":"http:\/\/szostkiewicz.blog.polityka.pl\/?p=484"},"modified":"2009-05-19T22:26:46","modified_gmt":"2009-05-19T21:26:46","slug":"cud-w-krakowie","status":"publish","type":"post","link":"https:\/\/blog.polityka.pl\/szostkiewicz\/2009\/05\/19\/cud-w-krakowie\/","title":{"rendered":"Cud w Krakowie"},"content":{"rendered":"<p>Dziwny to i buduj\u0105cy by\u0142 widok. W Krakowie, najpierw w Sali Senatorskiej na Wawelu, p\u00f3\u017aniej w wielkim (po\u0142ow\u0119 funduszy da\u0142a Matka Unia E.) audytorium na Krupniczej, a jeszcze wcze\u015bniej, ranem, w Polskiej Akademii Umiej\u0119tno\u015bci na S\u0142awkowskiej, panowie Wa\u0142\u0119sa i Mazowiecki dali lekcj\u0119, \u017ce czwartego czerwca mo\u017ce wygl\u0105da\u0107 inaczej ni\u017c si\u0119 spodziewamy.<\/p>\n<p>Dziwny widok, bo przecie\u017c zw\u0142aszcza w takich rocznicowych  okoliczno\u015bciach nie spos\u00f3b sobie nie przypomnie\u0107, \u017ce w 1990 roku ci dwaj liderzy stan\u0119li przeciwko sobie  ku konsternacji sporej liczby Polak\u00f3w, kt\u00f3rzy 20 lat temu g\u0142osowali na kandydat\u00f3w Wa\u0142\u0119sy do kontraktowego Sejmu i wolnego Senatu. Walka by\u0142a bynajmniej nie na \u017carty. Wa\u0142\u0119sa, kt\u00f3ry mia\u0142 wtedy za sob\u0105 braci Kaczy\u0144skich, stosowa\u0142 metody i u\u017cywa\u0142 j\u0119zyka, kt\u00f3ry dzi\u015b mo\u017cna nazwa\u0107 pisowskim. Mazowiecki i jego ludzie,  a mia\u0142em zaszczyt by\u0107 rzecznikiem prasowym jego kampanii wyborczej, przegrali z kretesem.<\/p>\n<p>Przegra\u0107 z Wa\u0142\u0119s\u0105 oczywi\u015bcie nie ha\u0144bi\u0142o, ale Mazowiecki przegra\u0142 te\u017c z politycznym Kaszpirowskim, czyli Stanem Tymi\u0144skim, co ju\u017c by\u0142o upokorzeniem. Ja z tego wyci\u0105gn\u0105\u0142em wniosek, \u017ce polityka nie dla mnie, Wa\u0142\u0119sa i Mazowiecki zostali. I dobrze, \u017ce zostali. Dzi\u015b w Krakowie obaj , i na to by\u0142o tak mi\u0142o patrze\u0107,  tworzyli tandem dojrza\u0142ych polityk\u00f3w,  rozumiej\u0105cych, \u017ce s\u0105 chwile, kiedy ludzi trzeba \u0142\u0105czy\u0107, a nie dzieli\u0107. Wa\u0142\u0119sa m\u00f3g\u0142 imponowa\u0107 tak\u017ce niewyczerpan\u0105 energi\u0105 retoryczn\u0105 (no ale to m\u0142odzik) i apelami do m\u0142odych, \u017ceby podj\u0119li pa\u0142eczk\u0119 pokolenia pokojowej rewolucji 1989 r.<\/p>\n<p>Na spotkanie ze studentami w auli na Krupniczej wst\u0119p by\u0142 wolny, wi\u0119c mo\u017cna by\u0142o si\u0119 spodziewa\u0107, \u017ce jaki\u015b pan Zyzak i jemu podobni spr\u00f3buj\u0105 ,,ukra\u015b\u0107 show&#8221;  jego prawdziwym bohaterom. Ale nie. Niecenzurowanych pyta\u0144 od student\u00f3w by\u0142o du\u017co, lecz wszystkie rzeczowe i uprzejme. Czy\u017cby zadzia\u0142a\u0142a magia Krakowa, miasta bardziej umiarkowanego ni\u017c Gda\u0144sk pana Guzikiewicza? Jednak Tusk, przenosz\u0105c cz\u0119\u015b\u0107 ,,z 12 g\u0142owami&#8221;  do Krakowa mia\u0142 intuicj\u0119 (albo dobrych doradc\u00f3w). Pozostaje otwarta kwestia drugiej po\u0142owy czwartego czerwca: co b\u0119dzie w Gda\u0144sku?<\/p>\n<p>Uwa\u017cam, \u017ce szansa nie jest jeszcze zmarnowana. I \u017ce trzeba wznie\u015b\u0107 si\u0119 ponad osobiste urazy dla dobra sprawy, czyli dla poprawy spo\u0142ecznych nastroj\u00f3w. Mamy si\u0119 czym pochwali\u0107, mamy si\u0119 z czego cieszy\u0107. Apel, by zignorowa\u0107 polityk\u00f3w  i samemu wznie\u015b\u0107 toast na cz\u0119\u015b\u0107 pokojowej rewolucji demokratycznej nie jest sensowny. Separuje spo\u0142ecze\u0144stwo od demokratycznie wybranych polityk\u00f3w. Chodzi o to, \u017ceby czwartego czerwca pokaza\u0107 Polsce i \u015bwiatu, \u017ce tak jak 20 lat temu niemo\u017cliwe jest mo\u017cliwe. Inaczej nie dziwmy si\u0119, \u017ce w Brukseli jacy\u015b partacze wyprodukowali filmik o nas bez nas.<\/p>\n","protected":false},"excerpt":{"rendered":"<p>Dziwny to i buduj\u0105cy by\u0142 widok. W Krakowie, najpierw w Sali Senatorskiej na Wawelu, p\u00f3\u017aniej w wielkim (po\u0142ow\u0119 funduszy da\u0142a Matka Unia E.) audytorium na Krupniczej, a jeszcze wcze\u015bniej, ranem, w Polskiej Akademii Umiej\u0119tno\u015bci na S\u0142awkowskiej, panowie Wa\u0142\u0119sa i Mazowiecki dali lekcj\u0119, \u017ce czwartego czerwca mo\u017ce wygl\u0105da\u0107 inaczej ni\u017c si\u0119 spodziewamy. Dziwny widok, bo przecie\u017c [&hellip;]<\/p>\n","protected":false},"author":3,"featured_media":0,"comment_status":"open","ping_status":"open","sticky":false,"template":"","format":"standard","meta":{"footnotes":""},"categories":[1],"tags":[],"_links":{"self":[{"href":"https:\/\/blog.polityka.pl\/szostkiewicz\/wp-json\/wp\/v2\/posts\/484"}],"collection":[{"href":"https:\/\/blog.polityka.pl\/szostkiewicz\/wp-json\/wp\/v2\/posts"}],"about":[{"href":"https:\/\/blog.polityka.pl\/szostkiewicz\/wp-json\/wp\/v2\/types\/post"}],"author":[{"embeddable":true,"href":"https:\/\/blog.polityka.pl\/szostkiewicz\/wp-json\/wp\/v2\/users\/3"}],"replies":[{"embeddable":true,"href":"https:\/\/blog.polityka.pl\/szostkiewicz\/wp-json\/wp\/v2\/comments?post=484"}],"version-history":[{"count":0,"href":"https:\/\/blog.polityka.pl\/szostkiewicz\/wp-json\/wp\/v2\/posts\/484\/revisions"}],"wp:attachment":[{"href":"https:\/\/blog.polityka.pl\/szostkiewicz\/wp-json\/wp\/v2\/media?parent=484"}],"wp:term":[{"taxonomy":"category","embeddable":true,"href":"https:\/\/blog.polityka.pl\/szostkiewicz\/wp-json\/wp\/v2\/categories?post=484"},{"taxonomy":"post_tag","embeddable":true,"href":"https:\/\/blog.polityka.pl\/szostkiewicz\/wp-json\/wp\/v2\/tags?post=484"}],"curies":[{"name":"wp","href":"https:\/\/api.w.org\/{rel}","templated":true}]}}