
{"id":486,"date":"2009-05-24T19:59:41","date_gmt":"2009-05-24T18:59:41","guid":{"rendered":"http:\/\/szostkiewicz.blog.polityka.pl\/?p=486"},"modified":"2009-05-24T20:02:17","modified_gmt":"2009-05-24T19:02:17","slug":"ile-wolno-niemcom","status":"publish","type":"post","link":"https:\/\/blog.polityka.pl\/szostkiewicz\/2009\/05\/24\/ile-wolno-niemcom\/","title":{"rendered":"Ile wolno Niemcom?"},"content":{"rendered":"<p>S\u0105 jeszcze historycy w pa\u0144stwie polskim. Dr Dariusz Libionka, historyk Holokaustu, ma odwag\u0119 powiedzie\u0107 Marcinowi Wojciechowskiemu w Gazecie Wyborczej to, co powinien wiedzie\u0107 ka\u017cdy nieuprzedzony czytelnik: \u017ce Spiegel w raporcie o europejskich ,,wsp\u00f3lnikach Hitlera&#8221; napisa\u0142 po prostu tragiczn\u0105 prawd\u0119.<\/p>\n<p>Kiedy ,,Spieglem&#8221; i ,,Wyborcz\u0105&#8221; wyciera sobie usta lider PiS, gra t\u0119 sam\u0105 zdart\u0105 p\u0142yt\u0119 antyniemieck\u0105 i antyliberaln\u0105. Prawda Kaczy\u0144skiego nie interesuje, bo na niej nic nie ugra. PiS musi podburza\u0107 Polak\u00f3w &#8211; przedwczoraj przeciwko antyrecesyjnej polityce Tuska i Rostowskiego, wczoraj przeciwko gazetom niemieckiej i polskiej. Fakty w obu atakach nie maj\u0105 znaczenia. Nie o prawd\u0119 tu chodzi, a o z\u0142em emocje. To jest pomys\u0142 na rozmow\u0119 PiS z spo\u0142ecze\u0144stwem.<\/p>\n<p>Prawda nie zawsze si\u0119 obroni. Ma\u0142o kto ma czas na studiowanie raportu Spiegla czy polskich wypowiedzi w jego obronie. Nie ka\u017cdy te\u017c ma kompetencje, by zweryfikowa\u0107 jego prawdziwo\u015b\u0107. Dlatego tak wa\u017cne s\u0105 opinie lider\u00f3w i eksert\u00f3w.<\/p>\n<p>Szkodnictwo Pis-owskiej propagandy polega nie tylko na podniecaniu antynimieckiej histerii, lecz tak\u017ce na puszczaniu w obieg nieprawdy o wa\u017cnym tek\u015bcie w wa\u017cnej europejskiej gazecie. W Rzeszowie Kaczy\u0144ski nie zawaha\u0142 si\u0119 przeciwstawi\u0107 polskich patriot\u00f3w polskim Europejczykom, a tych z kolei zr\u00f3wna\u0107 z niemieckimi ,,rozmywaczami&#8221; odpowiedzialno\u015bci III Rzeszy za zag\u0142ad\u0119 europejskich \u017byd\u00f3w. To nikczemno\u015b\u0107.<\/p>\n<p>Od samego pocz\u0105tku artyku\u0142 skonsolidowa\u0142 polsk\u0105 prawic\u0119. I nie tylko Kaczy\u0144ski nim manipulowa\u0142. Dr Dudek sugerowa\u0142 w TVN24, \u017ce musi by\u0107 jaki\u015b ukryty pow\u00f3d, dla kt\u00f3rego Spiegel to akurat teraz wydrukowa\u0142. Nie wiem, czy Dudek wtedy jeszcze tekstu nie zna\u0142 (to po co si\u0119 wypowiada\u0142?) czy zna\u0142 (wtedy jeszcze gorzej). Tymczasem pow\u00f3d zosta\u0142 podany w pocz\u0105tkowej cz\u0119\u015bci raportu. Wkr\u00f3tce zacznie si\u0119 w Niemczech proces deportowanego dopiero teraz z USA Ukrai\u0144ca Demianiuka, by\u0142ego stra\u017cnika obozu zag\u0142ady w Sobiborze. Ka\u017cdy, kto ma blade poj\u0119cie o tym, jak pracuja prasa, wie, \u017ce ten proces jest bardzo dobrym dziennikarskim pretekstem, by napisa\u0107 szerzej o takich jak Demianiuk wsp\u00f3lnikach hitlerowskich morderc\u00f3w.<\/p>\n<p>Spiegel nie rozmywa odpowiedzialno\u015bci Niemc\u00f3w za Zag\u0142ad\u0119, nie pr\u00f3buje jej przerzuca\u0107 na Polak\u00f3w ani \u017caden inny nar\u00f3d. Podaje fakty potwierdzaj\u0105ce tez\u0119, \u017ce bez wsp\u00f3\u0142pracy tych kilkuset tysi\u0119cy gorliwych wsp\u00f3lnik\u00f3w z innych narod\u00f3w, liczba ofiar by\u0142aby mniejsza. Niemcy w Polsce czy Ukrainie nie byli w stanie rozpozna\u0107 po akcencie osoby pochodzenia \u017cydowskiego.Dlaczego nie ma Rosjan? Bo akurat w Rosji skry\u0142a si\u0119 i uratowa\u0142a po wybuchu wojny du\u017ca liczba \u017byd\u00f3w z teren\u00f3w Polski i innych s\u0105siednich kraj\u00f3w zaj\u0119tych przez Niemc\u00f3w. Akurat pod tym wzgl\u0119dem Rosjanom, o ile wiem, nie mo\u017cna nic zarzuci\u0107.<\/p>\n<p>Jerzy Giedroyc sformu\u0142owa\u0142 kiedy\u015b zasad\u0119, \u017ce nikomu nie wolno odm\u00f3wi\u0107 prawa do zabrania g\u0142osu z powodu jego pochodzenia. Rzecz jasna g\u0142osu w dobrej wierze. 60 lat po wybuchu wojny, 20 lat po upadku bloku wschodniego, 5 lat po zjednoczeniu Europy, zasada ta musi by\u0107 stosowana w Polsce tak\u017ce do Niemc\u00f3w.\u00a0\u00a0\u00a0Dzi\u015b Niemcom wolno tyle samo, ile Polakom.<\/p>\n<p>XXXX<\/p>\n<p>Jotka, Helena\u00a0&#8211; no dobrze, mo\u017ce rzeczywi\u015bcie powinni\u015bmy wypi\u0107 ten szampan, nie ogl\u0105daj\u0105c si\u0119 na zgod\u0119 narodow\u0105, kt\u00f3rej nie by\u0142o, nie ma i nie b\u0119dzie. Ale jako\u015b smutno, \u017ce tak marnujemy te wszystkie rocznice. \u00a0\u00a0\u00a0\u00a0\u00a0\u00a0\u00a0\u00a0\u00a0\u00a0\u00a0\u00a0\u00a0\u00a0\u00a0<\/p>\n","protected":false},"excerpt":{"rendered":"<p>S\u0105 jeszcze historycy w pa\u0144stwie polskim. Dr Dariusz Libionka, historyk Holokaustu, ma odwag\u0119 powiedzie\u0107 Marcinowi Wojciechowskiemu w Gazecie Wyborczej to, co powinien wiedzie\u0107 ka\u017cdy nieuprzedzony czytelnik: \u017ce Spiegel w raporcie o europejskich ,,wsp\u00f3lnikach Hitlera&#8221; napisa\u0142 po prostu tragiczn\u0105 prawd\u0119. Kiedy ,,Spieglem&#8221; i ,,Wyborcz\u0105&#8221; wyciera sobie usta lider PiS, gra t\u0119 sam\u0105 zdart\u0105 p\u0142yt\u0119 antyniemieck\u0105 i [&hellip;]<\/p>\n","protected":false},"author":3,"featured_media":0,"comment_status":"open","ping_status":"open","sticky":false,"template":"","format":"standard","meta":{"footnotes":""},"categories":[1],"tags":[],"_links":{"self":[{"href":"https:\/\/blog.polityka.pl\/szostkiewicz\/wp-json\/wp\/v2\/posts\/486"}],"collection":[{"href":"https:\/\/blog.polityka.pl\/szostkiewicz\/wp-json\/wp\/v2\/posts"}],"about":[{"href":"https:\/\/blog.polityka.pl\/szostkiewicz\/wp-json\/wp\/v2\/types\/post"}],"author":[{"embeddable":true,"href":"https:\/\/blog.polityka.pl\/szostkiewicz\/wp-json\/wp\/v2\/users\/3"}],"replies":[{"embeddable":true,"href":"https:\/\/blog.polityka.pl\/szostkiewicz\/wp-json\/wp\/v2\/comments?post=486"}],"version-history":[{"count":0,"href":"https:\/\/blog.polityka.pl\/szostkiewicz\/wp-json\/wp\/v2\/posts\/486\/revisions"}],"wp:attachment":[{"href":"https:\/\/blog.polityka.pl\/szostkiewicz\/wp-json\/wp\/v2\/media?parent=486"}],"wp:term":[{"taxonomy":"category","embeddable":true,"href":"https:\/\/blog.polityka.pl\/szostkiewicz\/wp-json\/wp\/v2\/categories?post=486"},{"taxonomy":"post_tag","embeddable":true,"href":"https:\/\/blog.polityka.pl\/szostkiewicz\/wp-json\/wp\/v2\/tags?post=486"}],"curies":[{"name":"wp","href":"https:\/\/api.w.org\/{rel}","templated":true}]}}