
{"id":487,"date":"2009-05-26T14:42:49","date_gmt":"2009-05-26T13:42:49","guid":{"rendered":"http:\/\/szostkiewicz.blog.polityka.pl\/?p=487"},"modified":"2009-05-26T16:14:46","modified_gmt":"2009-05-26T15:14:46","slug":"blogosfera-czyli-dziki-zachod","status":"publish","type":"post","link":"https:\/\/blog.polityka.pl\/szostkiewicz\/2009\/05\/26\/blogosfera-czyli-dziki-zachod\/","title":{"rendered":"Blogosfera, czyli Dziki Zach\u00f3d"},"content":{"rendered":"<p>Nie wiem, kto to jest Kataryna. Nie czytam Salonu24, bo tam strzelaj\u0105. Od wywiadu z Micha\u0142em Cichym nie czytam Dziennika. Ale dzi\u015b w poranku Kasi Kolendy-Zaleskiej zgada\u0142o si\u0119 nam o aferze z Kataryn\u0105. Rozmowa zmusi\u0142a mnie do jakiej\u015b refleksji. Co ja robi\u0119 w tej blogosferze? Czy nie uczestnicz\u0119 w jakiej\u015b wielkiej hucpie?<\/p>\n<p>Prawa Kataryny do anonimowo\u015bci raczej bym broni\u0142. Tak samo innych bloger\u00f3w, kt\u00f3rzy wol\u0105 pod pseudonimem wy\u017cywa\u0107 si\u0119 na bli\u017anich. Kamil Durczok w naszej dyskusji by\u0142 przeciw. Uzasadnia\u0142 to tak: trzeba mie\u0107 odwag\u0119 podpisa\u0107 si\u0119 pod w\u0142asnym opiniami czy informacjami w\u0142asnym prawdziwym nazwiskiem. Chcesz korzysta\u0107 z wolno\u015bci s\u0142owa, naucz si\u0119 odpowiedzialno\u015bci za s\u0142owo.<\/p>\n<p>W zasadzie my\u015bl Kamila jest mi bliska.\u00a0Sam si\u0119 w takim duchu wychowywa\u0142em. \u00a0Ale w kulturze europejskiej liczne warto\u015bciowe rzeczy z r\u00f3\u017cnych powod\u00f3w powstawa\u0142y anonimowo lub pod pseudonimami &#8211; w literaturze, sztuce, polityce, teologii. Dzi\u015b, w czasach kultu ego, to nie do pomy\u015blenia. A jednak nawet dzi\u015b wielki globalny tygodnik The Economist drukuje wszystkie teksty niepodpisane.<\/p>\n<p>Tak wi\u0119c jestem za swobod\u0105 decyzji: pseudonim czy prawdziwe nazwisko, cho\u0107 Kamil ma du\u017co racji, wytykaj\u0105c realne i mo\u017cliwe nadu\u017cycia tej anarchicznej wolno\u015bci blogosfery.I mo\u017ce przemawia przeze mnie pewna naiwno\u015b\u0107, \u017ce ukryci pod pseudonimami blogerzy oka\u017c\u0105 si\u0119 dzi\u015b czy jutro talentami literackimi czy publicystycznymi, kt\u00f3rych kto\u015b wreszcie odkryje w wydawnictwach ksi\u0105\u017ckowych czy prasowych.S\u0142ysz\u0119, \u017ce Kataryna to jeden z takich talent\u00f3w. Mo\u017cliwe, ale \u017ceby a\u017c szanta\u017cowa\u0107 j\u0105 demaskacj\u0105 w Dzienniku? Co\u015b mi si\u0119 widzi, \u017ce zdemaskowana straci\u0142aby wen\u0119.<\/p>\n<p>Tyle o blogerach. O tych, kt\u00f3rzy ich czytaj\u0105 i komentuj\u0105, nie mam wiele dobrego do powiedzenia. Uderza mnie, \u017ce tak wielu przejawia tak dzik\u0105 agresj\u0119. Anonimowo\u015b\u0107 i brak porz\u0105dnej moderacji na forach temu s\u0142u\u017c\u0105. Odstraszaj\u0105 od czytania i blog\u00f3w,\u00a0 dyskusji pod nimi.<\/p>\n<p>Nie da si\u0119 ukry\u0107, \u017ce pod pretekstem wolno\u015bci s\u0142owa w tych tysi\u0105cach anonim\u00f3w wylewa si\u0119 na nas rynsztok do niczego nieprzydatny, chyba \u017ce do bada\u0144 psycholog\u00f3w spo\u0142ecznych. Takie dyskusje niczego naprz\u00f3d nie posuwaj\u0105, za to mog\u0142yby by\u0107 powodem do podania do s\u0105du w\u0142a\u015bcicieli tego czy innego portalu z blogami za tolerowanie wpis\u00f3w w oczywisty spos\u00f3b znies\u0142awiaj\u0105cych czyje\u015b dobra osobiste. I kwestia takiej odpowiedzialno\u015b\u0107 w\u0142a\u015bcicieli czy autor\u00f3w takich pom\u00f3wie\u0144 powinna by\u0107 uregulowana.<\/p>\n<p>Blogosfera jest wynalazakiem ameryka\u0144skim. Jest wcieleniem ameryka\u0144skiego mitu Dzikiego Zachodu. W Ameryce, jak w Polsce zdominowali j\u0105 sympatycy prawicy politycznej i religijnej, zwykle libertaria\u0144skiej.(Oczywi\u015bcie s\u0105 wyj\u0105tki i w\u015br\u00f3d bloger\u00f3w, i w\u015br\u00f3d ich anonimowych konsument\u00f3w, tak jak i na tym blogu).W prawdziwej sferze publicznej to jest margines, mniejszy czy wi\u0119kszy, ale zupe\u0142nie niereprezentatywny. Dyskusji z nimi nie ma \u017cadnej. Nie pisz\u0105, by dyskutowa\u0107, lecz by zastrzeli\u0107 spod nicka.\u00a0\u00a0\u00a0\u00a0<\/p>\n<p>\u00a0\u00a0\u00a0\u00a0\u00a0\u00a0\u00a0\u00a0\u00a0\u00a0\u00a0\u00a0\u00a0\u00a0\u00a0\u00a0\u00a0\u00a0\u00a0\u00a0<\/p>\n","protected":false},"excerpt":{"rendered":"<p>Nie wiem, kto to jest Kataryna. Nie czytam Salonu24, bo tam strzelaj\u0105. Od wywiadu z Micha\u0142em Cichym nie czytam Dziennika. Ale dzi\u015b w poranku Kasi Kolendy-Zaleskiej zgada\u0142o si\u0119 nam o aferze z Kataryn\u0105. Rozmowa zmusi\u0142a mnie do jakiej\u015b refleksji. Co ja robi\u0119 w tej blogosferze? Czy nie uczestnicz\u0119 w jakiej\u015b wielkiej hucpie? Prawa Kataryny do [&hellip;]<\/p>\n","protected":false},"author":3,"featured_media":0,"comment_status":"open","ping_status":"open","sticky":false,"template":"","format":"standard","meta":{"footnotes":""},"categories":[1],"tags":[],"_links":{"self":[{"href":"https:\/\/blog.polityka.pl\/szostkiewicz\/wp-json\/wp\/v2\/posts\/487"}],"collection":[{"href":"https:\/\/blog.polityka.pl\/szostkiewicz\/wp-json\/wp\/v2\/posts"}],"about":[{"href":"https:\/\/blog.polityka.pl\/szostkiewicz\/wp-json\/wp\/v2\/types\/post"}],"author":[{"embeddable":true,"href":"https:\/\/blog.polityka.pl\/szostkiewicz\/wp-json\/wp\/v2\/users\/3"}],"replies":[{"embeddable":true,"href":"https:\/\/blog.polityka.pl\/szostkiewicz\/wp-json\/wp\/v2\/comments?post=487"}],"version-history":[{"count":0,"href":"https:\/\/blog.polityka.pl\/szostkiewicz\/wp-json\/wp\/v2\/posts\/487\/revisions"}],"wp:attachment":[{"href":"https:\/\/blog.polityka.pl\/szostkiewicz\/wp-json\/wp\/v2\/media?parent=487"}],"wp:term":[{"taxonomy":"category","embeddable":true,"href":"https:\/\/blog.polityka.pl\/szostkiewicz\/wp-json\/wp\/v2\/categories?post=487"},{"taxonomy":"post_tag","embeddable":true,"href":"https:\/\/blog.polityka.pl\/szostkiewicz\/wp-json\/wp\/v2\/tags?post=487"}],"curies":[{"name":"wp","href":"https:\/\/api.w.org\/{rel}","templated":true}]}}