
{"id":488,"date":"2009-05-28T22:20:58","date_gmt":"2009-05-28T21:20:58","guid":{"rendered":"http:\/\/szostkiewicz.blog.polityka.pl\/?p=488"},"modified":"2009-05-28T22:50:58","modified_gmt":"2009-05-28T21:50:58","slug":"czy-posel-gowin-odejdzie-do-pis","status":"publish","type":"post","link":"https:\/\/blog.polityka.pl\/szostkiewicz\/2009\/05\/28\/czy-posel-gowin-odejdzie-do-pis\/","title":{"rendered":"Czy pose\u0142 Gowin odejdzie do PiS?"},"content":{"rendered":"<p>Jaros\u0142aw Gowin cieszy si\u0119, \u017ce PiS zg\u0142osi projekt ustawy zakazuj\u0105cej metody in vitro. Bo mo\u017ce pod tym naciskiem co\u015b drgnie w sprawie projektu prawa bioetycznego przygotowanego przez pos\u0142a Gowina, ale od\u0142o\u017conego przez PO na p\u00f3\u0142k\u0119. Nie chc\u0119 pisa\u0107 o meritum. Jestem zdania, \u017ce sam pomys\u0142 regulacji prawnej spraw takich jak in vitro jest dyskusyjny, a co dopiero konkretne sugestie, np. pos\u0142a Piechy z PiS, by zakaza\u0107 in vitro ca\u0142kowicie.<\/p>\n<p>Interesuje mnie aspekt polityczny. Nadzieja, \u017ce Piecha pomo\u017ce Gowinowi, jest chyba z\u0142udna. Ale sam fakt, \u017ce pose\u0142 Gowin publicznie pi\u0119tnuje marsza\u0142ka Komorowskiego jako za ma\u0142o chrze\u015bcija\u0144skiego, bo nie bior\u0105cego strony projektu Gowina, pokazuje, jak s\u0142aba jest dzi\u015b pozycja Gowina w Platformie. To, \u017ce PiS u\u017cywa Piechy do obr\u00f3bki Gowina, nie dziwi. Ale dziwi, \u017ce Gowin tym manipulacjom ulega.<\/p>\n<p>Czy\u017cby Gowin w skryto\u015bci my\u015bli nie wyklucza\u0142 porzucenia Platformy dla PiS? Na pierwszy rzut oka to absurdalne, bo pod wieloma wa\u017cnymi wzgl\u0119dami jest Gowinowi z PiS-em na pewno nie pod drodze. Nawet w kwestii in vitro: on jest za ,,kompromisem&#8221;, czyli zgod\u0105 na sam\u0105 metod\u0119, ale pod warunkiem, \u017ce nie b\u0119d\u0105 produkowane i zamra\u017cane zarodki ,,nadliczbowe&#8221;. Piecha chce -jak Ko\u015bci\u00f3\u0142- ca\u0142kowitego zakazu samej metody. Gowin s\u0142usznie przypomina, \u017ce nie wszyscy w Polsce s\u0105 katolikami.<\/p>\n<p>Ale nie kompromis jest ostatecznie dla Gowina najwa\u017cniejszy, tylko walka z ewentualnym niszczeniem zarodk\u00f3w (w s\u0142ynnym komiksie w Gazecie Wyborczej wyznaje, \u017ce czuje si\u0119 ,,ojcem&#8221; zarodk\u00f3w i rycerzem walcz\u0105cym o ich ocalenie). Jakie s\u0105 wi\u0119c granice jego cierpliwo\u015bci, gdy widzi, \u017ce koledzy z Platformy ignoruj\u0105 jego starania? Czy nie przyjdzie chwila, kiedy w imi\u0119 swej walki wybierze mniejsze z\u0142o, czyli poprze ustaw\u0119 Piechy?<\/p>\n<p>A mo\u017ce to tylko taka gra, taki \u015brodek nacisku rozgoryczonego Gowina na Platform\u0119? C\u00f3\u017c, odej\u015bcie Gowina by\u0142oby zapewne mile widziane w PiSie, a nawet w liberalnej cz\u0119\u015bci PO, lecz przekre\u015bli\u0142oby ostatecznie szans\u0119, \u017ce ,,kompromis&#8221; Gowina doczeka si\u0119 kiedykolwiek uchwalenia w formie prawa. Gowin poza PO utraci\u0142by znaczenie podobnie jak utraci\u0142 je Jan Rokita. Kto bije brawo, niech jednak pami\u0119ta, \u017ce takie puste miejsce zajmuj\u0105 w polityce zwykle gorsi.<\/p>\n<p>PS. Po raz pierwszy chwal\u0119 Ojca Dyrektora &#8211; i ten by\u0142 poddany presji, tym razem Ganleya, a nie uleg\u0142 &#8211; je\u015bli wierzy\u0107 dzisiejszym doniesieniom. Nie wzi\u0105\u0142 od Ganleya milion\u00f3w na geotermi\u0119 w zamian za poparcie kandydat\u00f3w Libertasu w wyborach do PE. Ale nie cieszmy si\u0119: Rydzyk postawi\u0142 na PiS.<\/p>\n<p>XXXX<\/p>\n<p>Helena &#8211; nie, ,,tym osobnikom&#8221; anonimowo\u015b\u0107 si\u0119 nie nale\u017cy; Art63 &#8211; tak, Sadurski jest chlubnym wyj\u0105tkiem, mo\u017cna go podzwia\u0107, \u017ce daje rad\u0119 w tak nieprzyjaznym otoczeniu, ale takich odbiorc\u00f3w jak ja to otoczenie zniech\u0119ca do odwiedzania Salonu; zgrywus.r &#8211; przyjmuj\u0119 pogl\u0105d do wiadomo\u015bci,a w cz\u0119\u015bci si\u0119 zgadzam; tajny poufny &#8211; ,,whispersintheloggia&#8221;. camelot, m.f-b &#8211; no mo\u017ce tak, nie wiem, ale co mi tam, niech szalej\u0105\u2019. PA2155  z tymi forami po angielsku \u015bwi\u0119ta racja! narciarz2 &#8211; dzi\u0119ki za wpisy, tak jest: kto mieczem wojuje&#8230; Pafnucy &#8211; nie znam Bogdana Misia, ale \u017ce blogowa lewica potrafi jak prawica, to fakt. Marc &#8211; wielkie dzi\u0119ki! weirdo13akaWMS &#8211; blogi dziennikarzy Polityki nie wyra\u017caj\u0105 stanowiska redakcji, lecz wy\u0142\u0105cznie pogl\u0105dy autor\u00f3w, a \u017ce cz\u0119sto s\u0105 zbie\u017cne z tym, co pisz\u0105 inni nasi Koledzy, to normalne, bo przecie\u017c pracujemy w jednej gazecie o okre\u015blonym, liberalno-demokratyczno-europejsko-rynkowym nastawieniu.<\/p>\n","protected":false},"excerpt":{"rendered":"<p>Jaros\u0142aw Gowin cieszy si\u0119, \u017ce PiS zg\u0142osi projekt ustawy zakazuj\u0105cej metody in vitro. Bo mo\u017ce pod tym naciskiem co\u015b drgnie w sprawie projektu prawa bioetycznego przygotowanego przez pos\u0142a Gowina, ale od\u0142o\u017conego przez PO na p\u00f3\u0142k\u0119. Nie chc\u0119 pisa\u0107 o meritum. Jestem zdania, \u017ce sam pomys\u0142 regulacji prawnej spraw takich jak in vitro jest dyskusyjny, a [&hellip;]<\/p>\n","protected":false},"author":3,"featured_media":0,"comment_status":"open","ping_status":"open","sticky":false,"template":"","format":"standard","meta":{"footnotes":""},"categories":[1],"tags":[],"_links":{"self":[{"href":"https:\/\/blog.polityka.pl\/szostkiewicz\/wp-json\/wp\/v2\/posts\/488"}],"collection":[{"href":"https:\/\/blog.polityka.pl\/szostkiewicz\/wp-json\/wp\/v2\/posts"}],"about":[{"href":"https:\/\/blog.polityka.pl\/szostkiewicz\/wp-json\/wp\/v2\/types\/post"}],"author":[{"embeddable":true,"href":"https:\/\/blog.polityka.pl\/szostkiewicz\/wp-json\/wp\/v2\/users\/3"}],"replies":[{"embeddable":true,"href":"https:\/\/blog.polityka.pl\/szostkiewicz\/wp-json\/wp\/v2\/comments?post=488"}],"version-history":[{"count":0,"href":"https:\/\/blog.polityka.pl\/szostkiewicz\/wp-json\/wp\/v2\/posts\/488\/revisions"}],"wp:attachment":[{"href":"https:\/\/blog.polityka.pl\/szostkiewicz\/wp-json\/wp\/v2\/media?parent=488"}],"wp:term":[{"taxonomy":"category","embeddable":true,"href":"https:\/\/blog.polityka.pl\/szostkiewicz\/wp-json\/wp\/v2\/categories?post=488"},{"taxonomy":"post_tag","embeddable":true,"href":"https:\/\/blog.polityka.pl\/szostkiewicz\/wp-json\/wp\/v2\/tags?post=488"}],"curies":[{"name":"wp","href":"https:\/\/api.w.org\/{rel}","templated":true}]}}